{"id":11367,"date":"2021-08-19T19:14:03","date_gmt":"2021-08-19T22:14:03","guid":{"rendered":"https:\/\/hostnetart.com.br\/baixada\/live-do-dia-dos-bancarios-tera-grupo-revelacao-e-outras-atracoes\/"},"modified":"2021-08-19T19:14:03","modified_gmt":"2021-08-19T22:14:03","slug":"live-do-dia-dos-bancarios-tera-grupo-revelacao-e-outras-atracoes","status":"publish","type":"post","link":"https:\/\/hostnetart.com.br\/baixada\/live-do-dia-dos-bancarios-tera-grupo-revelacao-e-outras-atracoes\/","title":{"rendered":"Live do Dia dos Banc\u00e1rios ter\u00e1 Grupo Revela\u00e7\u00e3o e outras atra\u00e7\u00f5es"},"content":{"rendered":"<p>28 de Agosto \u00e9 Dia da Banc\u00e1ria e do Banc\u00e1rio. O Sindicato dos Banc\u00e1rios da Baixada Fluminense e a Federa\u00e7\u00e3o dos Trabalhadores do Ramo Financeiro dos Estados do Rio de Janeiro e Esp\u00edrito Santo (Fetraf RJ\/ES) sabem que o momento requer os devidos cuidados, mas que, tamb\u00e9m, devemos celebrar esta data importante para os trabalhadores.<\/p>\n<p>E, para comemorar o dia da categoria banc\u00e1ria, teremos uma Live especial, com muitas atra\u00e7\u00f5es de peso, como o Grupo Revela\u00e7\u00e3o e o querido Pitoco. Al\u00e9m de Nai Dias (co-apresentadora), Grupo Nossa Senhora do Samba, Til Nogueira e &#8220;Banda Novos Tempos&#8221;, Marcelo Garcia (flautista e violinista) e Gabriel Paix\u00e3o (violinista).\u00a0<\/p>\n<p>SORTEIO<\/p>\n<p>O Sindicato dos Banc\u00e1rios da Baixada Fluminense ir\u00e1 sortear v\u00e1rios brindes e presentes para as banc\u00e1rias e banc\u00e1rios sindicalizados. Basta ser sindicalizado, ou sindicalizada, para estar concorrendo. Durante a pr\u00f3xima semana, iremos divulgar mais detalhes do sorteio.\u00a0<\/p>\n<p>TRANSMISS\u00c3O<\/p>\n<p>A transmiss\u00e3o da live com os shows e convidados ser\u00e1 pelo canal do YouTube da Fetraf RJ\/ES, dia 28 de Agosto, s\u00e1bado, a partir das 13 horas.<\/p>\n<p>Para assistir, acesse o link: <a href=\"https:\/\/www.youtube.com\/channel\/UC6lOJJMspXElPTQykUDrY3A\">https:\/\/www.youtube.com\/channel\/UC6lOJJMspXElPTQykUDrY3A<\/a><\/p>\n<p>Se inscreva no canal do YouTube da Fetraf RJ\/ES e\u00a0acompanhe as nossas redes sociais.<\/p>\n","protected":false},"excerpt":{"rendered":"<p>28 de Agosto \u00e9 Dia da Banc\u00e1ria e do Banc\u00e1rio. O Sindicato dos Banc\u00e1rios da Baixada Fluminense e a Federa\u00e7\u00e3o dos Trabalhadores do Ramo Financeiro dos Estados do Rio de Janeiro e Esp\u00edrito Santo (Fetraf RJ\/ES) sabem que o momento requer os devidos cuidados, mas que, tamb\u00e9m, devemos celebrar esta data importante para os trabalhadores. [&hellip;]<\/p>\n","protected":false},"author":2,"featured_media":11366,"comment_status":"","ping_status":"","sticky":false,"template":"","format":"standard","meta":{"footnotes":""},"categories":[3],"tags":[],"class_list":["post-11367","post","type-post","status-publish","format-standard","has-post-thumbnail","hentry","category-noticias"],"_links":{"self":[{"href":"https:\/\/hostnetart.com.br\/baixada\/wp-json\/wp\/v2\/posts\/11367","targetHints":{"allow":["GET"]}}],"collection":[{"href":"https:\/\/hostnetart.com.br\/baixada\/wp-json\/wp\/v2\/posts"}],"about":[{"href":"https:\/\/hostnetart.com.br\/baixada\/wp-json\/wp\/v2\/types\/post"}],"author":[{"embeddable":true,"href":"https:\/\/hostnetart.com.br\/baixada\/wp-json\/wp\/v2\/users\/2"}],"replies":[{"embeddable":true,"href":"https:\/\/hostnetart.com.br\/baixada\/wp-json\/wp\/v2\/comments?post=11367"}],"version-history":[{"count":0,"href":"https:\/\/hostnetart.com.br\/baixada\/wp-json\/wp\/v2\/posts\/11367\/revisions"}],"wp:featuredmedia":[{"embeddable":true,"href":"https:\/\/hostnetart.com.br\/baixada\/wp-json\/wp\/v2\/media\/11366"}],"wp:attachment":[{"href":"https:\/\/hostnetart.com.br\/baixada\/wp-json\/wp\/v2\/media?parent=11367"}],"wp:term":[{"taxonomy":"category","embeddable":true,"href":"https:\/\/hostnetart.com.br\/baixada\/wp-json\/wp\/v2\/categories?post=11367"},{"taxonomy":"post_tag","embeddable":true,"href":"https:\/\/hostnetart.com.br\/baixada\/wp-json\/wp\/v2\/tags?post=11367"}],"curies":[{"name":"wp","href":"https:\/\/api.w.org\/{rel}","templated":true}]}}