{"id":11363,"date":"2021-08-18T18:57:45","date_gmt":"2021-08-18T21:57:45","guid":{"rendered":"https:\/\/hostnetart.com.br\/baixada\/metas-abusivas-crescem-com-home-office-e-adoecem-trabalhadores\/"},"modified":"2021-08-18T18:57:45","modified_gmt":"2021-08-18T21:57:45","slug":"metas-abusivas-crescem-com-home-office-e-adoecem-trabalhadores","status":"publish","type":"post","link":"https:\/\/hostnetart.com.br\/baixada\/metas-abusivas-crescem-com-home-office-e-adoecem-trabalhadores\/","title":{"rendered":"Metas abusivas crescem com home office e adoecem trabalhadores"},"content":{"rendered":"<p>A imposi\u00e7\u00e3o de sistema de metas abusivas aos trabalhadores do setor financeiro tem sido motivo de doen\u00e7as ocupacionais, principalmente com o aprofundamento da explora\u00e7\u00e3o no home office durante a pandemia e com a reestrutura\u00e7\u00e3o dos bancos. \u201cAs metas abusivas continuam a todo a vapor e as LER\/Dorts cresceram com o home office improvisado, que foi necess\u00e1rio para proteger as vidas, mas o banc\u00e1rio trabalha, muitas vezes, com o notebook no colo, na mesa de refei\u00e7\u00f5es, elevando as doen\u00e7as ocupacionais f\u00edsicas e os problemas ps\u00edquicos, situa\u00e7\u00e3o agravada pela pandemia. O mecanismo \u2018adoecedor\u2019, que j\u00e1 existia, se aprofundou com metas ainda mais abusivas e cobradas de formas cada vez mais duras\u201d, afirma o secret\u00e1rio de Sa\u00fade da Contraf CUT Mauro Salles. \u00a0<\/p>\n<p>Salles participou de painel para debater a sa\u00fade dos banc\u00e1rios durante a Confer\u00eancia Estadual dos Banc\u00e1rios do Rio, realizada no s\u00e1bado (14). Salles disse que, mais do que nunca, este \u00e9 um tema central da campanha nacional da categoria.<\/p>\n<p>\u201cSempre demos aten\u00e7\u00e3o especial \u00e0 sa\u00fade e \u00e0s condi\u00e7\u00f5es de trabalho, mas com a pandemia mais ainda. A pandemia e a reestrutura\u00e7\u00e3o nos bancos aprofundaram a explora\u00e7\u00e3o, com unidades de neg\u00f3cios, home office, teletrabalho, e todo este processo de mudan\u00e7as que acontece no contexto de um governo hostil aos trabalhadores, o que nos traz grandes desafios\u201d, disse.<\/p>\n<h2><span style=\"text-decoration: underline;\">Metas e medos ao redor<\/span><\/h2>\n<p>Salles criticou as metas que adoecem os trabalhadores e s\u00e3o ainda mais crueis diante da crise sanit\u00e1ria da Covid-19. O sindicalista lembra que, al\u00e9m do medo do ass\u00e9dio, das metas e das demiss\u00f5es, o trabalhador convive tamb\u00e9m com o medo do v\u00edrus e da morte, o que agrava os problemas de sa\u00fade dos funcion\u00e1rios.<\/p>\n<p class=\"has-background has-very-light-gray-background-color\"><strong><a href=\"https:\/\/www.redebrasilatual.com.br\/trabalho\/2020\/12\/saude-jornada-medo-home-office-bancariod\/\" target=\"_blank\" rel=\"noopener noreferrer\">:: De sa\u00fade e jornada ao medo de ser esquecido, estudo detalha \u2018home office\u2019 no setor banc\u00e1rio ::<\/a><\/strong><\/p>\n<p>A concorr\u00eancia dos bancos com as fintechs e plataformas digitais foi apontado como mais um agravante na sa\u00fade dos banc\u00e1rios, pois elevou a cobran\u00e7a por melhores resultados, afetando a sa\u00fade f\u00edsica e ps\u00edquica da categoria, cada vez mais fr\u00e1gil.<\/p>\n<h2><span style=\"text-decoration: underline;\">Direitos na doen\u00e7a<\/span><\/h2>\n<p>Mauro criticou tamb\u00e9m o tratamento dado aos banc\u00e1rios nas cl\u00ednicas contratadas pelos bancos.\u201cPioraram os servi\u00e7os m\u00e9dicos dos bancos que dificultam o atendimento e muitos profissionais trabalham para negar as doen\u00e7as ocupacionais e os benef\u00edcios do INSS para os empregados\u201d, disse, destacando a import\u00e2ncia do retorno do tema sa\u00fade nas mesas permanentes de negocia\u00e7\u00e3o com os bancos.<\/p>\n<p><em>Com informa\u00e7\u00f5es do\u00a0<a href=\"https:\/\/www.bancariosrio.org.br\/\" target=\"_blank\" rel=\"noopener noreferrer\">Sindicato dos Empregados em Estabelecimentos Banc\u00e1rios e Financi\u00e1rios do Munic\u00edpio do Rio de Janeiro<\/a><\/em><\/p>\n<p><strong>Fonte: Rede Brasil Atual<\/strong><\/p>\n","protected":false},"excerpt":{"rendered":"<p>A imposi\u00e7\u00e3o de sistema de metas abusivas aos trabalhadores do setor financeiro tem sido motivo de doen\u00e7as ocupacionais, principalmente com o aprofundamento da explora\u00e7\u00e3o no home office durante a pandemia e com a reestrutura\u00e7\u00e3o dos bancos. \u201cAs metas abusivas continuam a todo a vapor e as LER\/Dorts cresceram com o home office improvisado, que foi [&hellip;]<\/p>\n","protected":false},"author":2,"featured_media":11362,"comment_status":"","ping_status":"","sticky":false,"template":"","format":"standard","meta":{"footnotes":""},"categories":[3],"tags":[],"class_list":["post-11363","post","type-post","status-publish","format-standard","has-post-thumbnail","hentry","category-noticias"],"_links":{"self":[{"href":"https:\/\/hostnetart.com.br\/baixada\/wp-json\/wp\/v2\/posts\/11363","targetHints":{"allow":["GET"]}}],"collection":[{"href":"https:\/\/hostnetart.com.br\/baixada\/wp-json\/wp\/v2\/posts"}],"about":[{"href":"https:\/\/hostnetart.com.br\/baixada\/wp-json\/wp\/v2\/types\/post"}],"author":[{"embeddable":true,"href":"https:\/\/hostnetart.com.br\/baixada\/wp-json\/wp\/v2\/users\/2"}],"replies":[{"embeddable":true,"href":"https:\/\/hostnetart.com.br\/baixada\/wp-json\/wp\/v2\/comments?post=11363"}],"version-history":[{"count":0,"href":"https:\/\/hostnetart.com.br\/baixada\/wp-json\/wp\/v2\/posts\/11363\/revisions"}],"wp:featuredmedia":[{"embeddable":true,"href":"https:\/\/hostnetart.com.br\/baixada\/wp-json\/wp\/v2\/media\/11362"}],"wp:attachment":[{"href":"https:\/\/hostnetart.com.br\/baixada\/wp-json\/wp\/v2\/media?parent=11363"}],"wp:term":[{"taxonomy":"category","embeddable":true,"href":"https:\/\/hostnetart.com.br\/baixada\/wp-json\/wp\/v2\/categories?post=11363"},{"taxonomy":"post_tag","embeddable":true,"href":"https:\/\/hostnetart.com.br\/baixada\/wp-json\/wp\/v2\/tags?post=11363"}],"curies":[{"name":"wp","href":"https:\/\/api.w.org\/{rel}","templated":true}]}}