{"id":11353,"date":"2021-08-17T17:22:27","date_gmt":"2021-08-17T20:22:27","guid":{"rendered":"https:\/\/hostnetart.com.br\/baixada\/banco-do-brasil-precisa-ser-muito-mais-que-um-banco\/"},"modified":"2021-08-17T17:22:27","modified_gmt":"2021-08-17T20:22:27","slug":"banco-do-brasil-precisa-ser-muito-mais-que-um-banco","status":"publish","type":"post","link":"https:\/\/hostnetart.com.br\/baixada\/banco-do-brasil-precisa-ser-muito-mais-que-um-banco\/","title":{"rendered":"Banco do Brasil precisa ser muito mais que um banco"},"content":{"rendered":"<p>As resolu\u00e7\u00f5es aprovadas pelas delegadas e pelos delegados do 32\u00ba Congresso Nacional funcion\u00e1rios do Banco do Brasil, realizado no dia 8 de agosto, abordam \u2013 entre outros pontos \u2013 a atua\u00e7\u00e3o do Banco do Brasil em um governo democr\u00e1tico e popular.<\/p>\n<p>\u201cO Banco do Brasil precisa ser fortalecido como banco p\u00fablico e n\u00e3o pode ser privatizado. Defendemos que o Banco do Brasil, como institui\u00e7\u00e3o p\u00fablica integrada a um programa de governo democr\u00e1tico e popular, deve orientar sua forma de atua\u00e7\u00e3o de acordo com as necessidades da maioria da popula\u00e7\u00e3o brasileira\u201d, afirmou o coordenador da Comiss\u00e3o de Empresa dos Funcion\u00e1rios do Banco do Brasil (CEBB), Jo\u00e3o Fukunaga.<\/p>\n<p>Para os funcion\u00e1rios do banco, o BB deve continuar a atua\u00e7\u00e3o como um banco m\u00faltiplo, com opera\u00e7\u00f5es caracter\u00edsticas de toda institui\u00e7\u00e3o financeira. \u201cA atua\u00e7\u00e3o do banco em todos os servi\u00e7os e opera\u00e7\u00f5es caracter\u00edsticas do sistema financeiro garantem resultados para que ele possa tamb\u00e9m direcionar suas atividades para \u00e1reas que devam ser priorit\u00e1rias para sua atividade de empresa p\u00fablica. Mas, deve ir al\u00e9m e contribuir com o desenvolvimento econ\u00f4mico, com a sustentabilidade e com a inclus\u00e3o das pessoas f\u00edsicas e jur\u00eddicas que tenham dificuldade de acessar os servi\u00e7os financeiros.\u201d<\/p>\n<p>Nos pr\u00f3ximos dias vamos destacar algumas \u00e1reas de atua\u00e7\u00e3o que o Banco do Brasil deve avaliar e adotar como priorit\u00e1rias em sua fun\u00e7\u00e3o de banco p\u00fablico.<\/p>\n<p><strong>Fonte: Contraf-CUT<\/strong><\/p>\n","protected":false},"excerpt":{"rendered":"<p>As resolu\u00e7\u00f5es aprovadas pelas delegadas e pelos delegados do 32\u00ba Congresso Nacional funcion\u00e1rios do Banco do Brasil, realizado no dia 8 de agosto, abordam \u2013 entre outros pontos \u2013 a atua\u00e7\u00e3o do Banco do Brasil em um governo democr\u00e1tico e popular. \u201cO Banco do Brasil precisa ser fortalecido como banco p\u00fablico e n\u00e3o pode ser [&hellip;]<\/p>\n","protected":false},"author":2,"featured_media":11352,"comment_status":"","ping_status":"","sticky":false,"template":"","format":"standard","meta":{"footnotes":""},"categories":[3],"tags":[],"class_list":["post-11353","post","type-post","status-publish","format-standard","has-post-thumbnail","hentry","category-noticias"],"_links":{"self":[{"href":"https:\/\/hostnetart.com.br\/baixada\/wp-json\/wp\/v2\/posts\/11353","targetHints":{"allow":["GET"]}}],"collection":[{"href":"https:\/\/hostnetart.com.br\/baixada\/wp-json\/wp\/v2\/posts"}],"about":[{"href":"https:\/\/hostnetart.com.br\/baixada\/wp-json\/wp\/v2\/types\/post"}],"author":[{"embeddable":true,"href":"https:\/\/hostnetart.com.br\/baixada\/wp-json\/wp\/v2\/users\/2"}],"replies":[{"embeddable":true,"href":"https:\/\/hostnetart.com.br\/baixada\/wp-json\/wp\/v2\/comments?post=11353"}],"version-history":[{"count":0,"href":"https:\/\/hostnetart.com.br\/baixada\/wp-json\/wp\/v2\/posts\/11353\/revisions"}],"wp:featuredmedia":[{"embeddable":true,"href":"https:\/\/hostnetart.com.br\/baixada\/wp-json\/wp\/v2\/media\/11352"}],"wp:attachment":[{"href":"https:\/\/hostnetart.com.br\/baixada\/wp-json\/wp\/v2\/media?parent=11353"}],"wp:term":[{"taxonomy":"category","embeddable":true,"href":"https:\/\/hostnetart.com.br\/baixada\/wp-json\/wp\/v2\/categories?post=11353"},{"taxonomy":"post_tag","embeddable":true,"href":"https:\/\/hostnetart.com.br\/baixada\/wp-json\/wp\/v2\/tags?post=11353"}],"curies":[{"name":"wp","href":"https:\/\/api.w.org\/{rel}","templated":true}]}}