{"id":11351,"date":"2021-08-17T15:07:56","date_gmt":"2021-08-17T18:07:56","guid":{"rendered":"https:\/\/hostnetart.com.br\/baixada\/amanha-e-o-dia-nacional-de-luta-contra-a-reforma-administrativa\/"},"modified":"2021-08-17T15:07:56","modified_gmt":"2021-08-17T18:07:56","slug":"amanha-e-o-dia-nacional-de-luta-contra-a-reforma-administrativa","status":"publish","type":"post","link":"https:\/\/hostnetart.com.br\/baixada\/amanha-e-o-dia-nacional-de-luta-contra-a-reforma-administrativa\/","title":{"rendered":"Amanh\u00e3 \u00e9 o Dia Nacional de Luta Contra a Reforma Administrativa"},"content":{"rendered":"<p>Nesta quarta-feira (18) \u00e9 o Dia Nacional de Luta e Paralisa\u00e7\u00f5es contra a Reforma Administrativa. Junto com centrais sindicais, movimentos populares e v\u00e1rios setores da sociedade, a Confedera\u00e7\u00e3o Nacional dos Trabalhadores do Ramo Financeiro (Contraf-CUT) convoca a categoria banc\u00e1ria a participar do movimento em defesa do servi\u00e7o p\u00fablico, contra as privatiza\u00e7\u00f5es e por gera\u00e7\u00e3o de emprego.<\/p>\n<p>A luta do Dia 18, que tamb\u00e9m \u00e9 de todos os brasileiros que dependem do servi\u00e7o p\u00fablico, inclui as pautas urgentes como a luta pelo aux\u00edlio emergencial de R$ 600, vacina j\u00e1 para todos, por mais empregos, contra a carestia e a mis\u00e9ria. A luta tamb\u00e9m inclui a defesa dos bancos p\u00fablicos, ferramentas indispens\u00e1veis para o Brasil superar a crise, voltar a se desenvolver e manter as possibilidades de fomentar sua pr\u00f3pria economia.<\/p>\n<p>As tr\u00eas esferas do funcionalismo p\u00fablico (federal, estadual e municipal) preparam uma paralisa\u00e7\u00e3o. Tamb\u00e9m haver\u00e1 mobiliza\u00e7\u00f5es nas redes sociais, assembleias, panfletagens e protestos no Brasil inteiro. Um tuita\u00e7o ser\u00e1 realizado a partir das 9h com a hashtag #18ADiaDeLuta.<\/p>\n<p><strong>Fonte: Contraf-CUT<\/strong><\/p>\n","protected":false},"excerpt":{"rendered":"<p>Nesta quarta-feira (18) \u00e9 o Dia Nacional de Luta e Paralisa\u00e7\u00f5es contra a Reforma Administrativa. Junto com centrais sindicais, movimentos populares e v\u00e1rios setores da sociedade, a Confedera\u00e7\u00e3o Nacional dos Trabalhadores do Ramo Financeiro (Contraf-CUT) convoca a categoria banc\u00e1ria a participar do movimento em defesa do servi\u00e7o p\u00fablico, contra as privatiza\u00e7\u00f5es e por gera\u00e7\u00e3o de [&hellip;]<\/p>\n","protected":false},"author":2,"featured_media":11350,"comment_status":"","ping_status":"","sticky":false,"template":"","format":"standard","meta":{"footnotes":""},"categories":[3],"tags":[],"class_list":["post-11351","post","type-post","status-publish","format-standard","has-post-thumbnail","hentry","category-noticias"],"_links":{"self":[{"href":"https:\/\/hostnetart.com.br\/baixada\/wp-json\/wp\/v2\/posts\/11351","targetHints":{"allow":["GET"]}}],"collection":[{"href":"https:\/\/hostnetart.com.br\/baixada\/wp-json\/wp\/v2\/posts"}],"about":[{"href":"https:\/\/hostnetart.com.br\/baixada\/wp-json\/wp\/v2\/types\/post"}],"author":[{"embeddable":true,"href":"https:\/\/hostnetart.com.br\/baixada\/wp-json\/wp\/v2\/users\/2"}],"replies":[{"embeddable":true,"href":"https:\/\/hostnetart.com.br\/baixada\/wp-json\/wp\/v2\/comments?post=11351"}],"version-history":[{"count":0,"href":"https:\/\/hostnetart.com.br\/baixada\/wp-json\/wp\/v2\/posts\/11351\/revisions"}],"wp:featuredmedia":[{"embeddable":true,"href":"https:\/\/hostnetart.com.br\/baixada\/wp-json\/wp\/v2\/media\/11350"}],"wp:attachment":[{"href":"https:\/\/hostnetart.com.br\/baixada\/wp-json\/wp\/v2\/media?parent=11351"}],"wp:term":[{"taxonomy":"category","embeddable":true,"href":"https:\/\/hostnetart.com.br\/baixada\/wp-json\/wp\/v2\/categories?post=11351"},{"taxonomy":"post_tag","embeddable":true,"href":"https:\/\/hostnetart.com.br\/baixada\/wp-json\/wp\/v2\/tags?post=11351"}],"curies":[{"name":"wp","href":"https:\/\/api.w.org\/{rel}","templated":true}]}}