{"id":11345,"date":"2021-08-17T14:26:08","date_gmt":"2021-08-17T17:26:08","guid":{"rendered":"https:\/\/hostnetart.com.br\/baixada\/o-banco-do-brasil-precisa-ser-uma-ferramenta-para-o-desenvolvimento-do-brasil\/"},"modified":"2021-08-17T14:26:08","modified_gmt":"2021-08-17T17:26:08","slug":"o-banco-do-brasil-precisa-ser-uma-ferramenta-para-o-desenvolvimento-do-brasil","status":"publish","type":"post","link":"https:\/\/hostnetart.com.br\/baixada\/o-banco-do-brasil-precisa-ser-uma-ferramenta-para-o-desenvolvimento-do-brasil\/","title":{"rendered":"O Banco do Brasil precisa ser uma ferramenta para o desenvolvimento do Brasil"},"content":{"rendered":"<p>Delegadas e delegados do 32\u00ba Congresso Nacional funcion\u00e1rios do Banco do Brasil, realizado no dia 8 de agosto, aprovaram o plano de atua\u00e7\u00e3o em defesa do banco e de seus direitos. As resolu\u00e7\u00f5es giram em torno da unidade dos empregados na defesa do BB e na luta por manter o banco como instrumento relevante em qualquer discuss\u00e3o sobre pol\u00edticas de desenvolvimento. Nesta segunda-feira (16), a Confedera\u00e7\u00e3o Nacional dos Trabalhadores do Ramo Financeiro (Contraf-CUT) lan\u00e7a uma s\u00e9rie de mat\u00e9rias para esmiu\u00e7ar\u00a0<a href=\"https:\/\/contrafcut.com.br\/wp-content\/uploads\/2021\/08\/congresso-bb-2021-resolucao.pdf\" target=\"_blank\" rel=\"noopener noreferrer\">o documento gerado ap\u00f3s os debates do evento<\/a>.<\/p>\n<p>\u201cQueremos mostrar aos trabalhadores que n\u00e3o puderam participar dos pain\u00e9is do nosso congresso a import\u00e2ncia do que foi debatido pelos delegados. Assim, eles nos apoiar\u00e3o nessa luta t\u00e3o importante pela manuten\u00e7\u00e3o do Banco do Brasil como institui\u00e7\u00e3o que participa ativamente do processo de desenvolvimento do Brasil\u201d, explicou coordenador da Comiss\u00e3o de Empresa dos Funcion\u00e1rios do Banco do Brasil (CEBB), Jo\u00e3o Fukunaga.<\/p>\n<p>Por ser uma empresa de economia mista, o BB tem desafios que outros bancos que atuam no Brasil n\u00e3o t\u00eam, como justificar e exercer as suas fun\u00e7\u00f5es de banco p\u00fablico e, tamb\u00e9m, de buscar rentabilidade nas suas opera\u00e7\u00f5es t\u00edpicas de mercado. \u201cA maioria da sociedade e dos funcion\u00e1rios \u00e9 contra a privatiza\u00e7\u00e3o e defende que o BB continue sendo um banco p\u00fablico. Por\u00e9m, existem press\u00f5es, interesses e orienta\u00e7\u00f5es pol\u00edticas que preferem diminuir at\u00e9 o m\u00ednimo poss\u00edvel o papel dos bancos p\u00fablicos e apontam permanentemente para a possibilidade de privatiza\u00e7\u00e3o total ou parcial do BB. Esta \u00e9 a orienta\u00e7\u00e3o do atual governo, assim como vem fazendo com a Petrobr\u00e1s, Eletrobr\u00e1s e outras empresas p\u00fablicas, e com o desmonte dos servi\u00e7os p\u00fablicos de sa\u00fade, educa\u00e7\u00e3o, previd\u00eancia e a redu\u00e7\u00e3o do papel do Estado. Por isso, temos que nos unir contra esse e outros ataques \u00e0 nossa institui\u00e7\u00e3o\u201d, convocou Fukunaga.<\/p>\n<p>Para o coordenador da CEBB, pensar o Banco do Brasil, seu futuro, suas estrat\u00e9gias e seu fortalecimento exigem um posicionamento sobre a vis\u00e3o de desenvolvimento do Brasil e do papel do BB neste processo. \u201cO entendimento de que o BB \u00e9 um instrumento valioso e necess\u00e1rio para apoiar o desenvolvimento da economia brasileira oferece uma base fundamental para pensar o papel e a organiza\u00e7\u00e3o do banco. Isso n\u00e3o elimina a compreens\u00e3o de que o BB deve ser um banco rent\u00e1vel e sustent\u00e1vel, capaz de buscar no mercado parte significativa dos recursos necess\u00e1rios para viabilizar sua rede, seus investimentos e opera\u00e7\u00f5es.\u201d<\/p>\n<p>Jo\u00e3o Fukunaga aponta que o Brasil precisa novamente de um governo democr\u00e1tico e popular, voltado para resolver os graves problemas da maioria da popula\u00e7\u00e3o trabalhadora. \u201cO BB, como banco p\u00fablico, deve estar preparado para contribuir com esta retomada e com a execu\u00e7\u00e3o de pol\u00edticas p\u00fablicas e programas de governo voltados para o interesse da maioria da popula\u00e7\u00e3o. O banco precisa estar comprometido com o desenvolvimento social e econ\u00f4mico, com a sustentabilidade do pr\u00f3prio banco e do pa\u00eds e com a inclus\u00e3o de todas as parcelas da sociedade. Esta nova orienta\u00e7\u00e3o s\u00f3 pode acontecer em um novo governo democr\u00e1tico e popular, uma vez que a atua\u00e7\u00e3o do banco est\u00e1 intimamente ligada ao programa de governo escolhido pela maioria da popula\u00e7\u00e3o.\u201d<\/p>\n<p><strong>Fonte: Contraf-CUT<\/strong><\/p>\n","protected":false},"excerpt":{"rendered":"<p>Delegadas e delegados do 32\u00ba Congresso Nacional funcion\u00e1rios do Banco do Brasil, realizado no dia 8 de agosto, aprovaram o plano de atua\u00e7\u00e3o em defesa do banco e de seus direitos. As resolu\u00e7\u00f5es giram em torno da unidade dos empregados na defesa do BB e na luta por manter o banco como instrumento relevante em [&hellip;]<\/p>\n","protected":false},"author":2,"featured_media":11344,"comment_status":"","ping_status":"","sticky":false,"template":"","format":"standard","meta":{"footnotes":""},"categories":[3],"tags":[],"class_list":["post-11345","post","type-post","status-publish","format-standard","has-post-thumbnail","hentry","category-noticias"],"_links":{"self":[{"href":"https:\/\/hostnetart.com.br\/baixada\/wp-json\/wp\/v2\/posts\/11345","targetHints":{"allow":["GET"]}}],"collection":[{"href":"https:\/\/hostnetart.com.br\/baixada\/wp-json\/wp\/v2\/posts"}],"about":[{"href":"https:\/\/hostnetart.com.br\/baixada\/wp-json\/wp\/v2\/types\/post"}],"author":[{"embeddable":true,"href":"https:\/\/hostnetart.com.br\/baixada\/wp-json\/wp\/v2\/users\/2"}],"replies":[{"embeddable":true,"href":"https:\/\/hostnetart.com.br\/baixada\/wp-json\/wp\/v2\/comments?post=11345"}],"version-history":[{"count":0,"href":"https:\/\/hostnetart.com.br\/baixada\/wp-json\/wp\/v2\/posts\/11345\/revisions"}],"wp:featuredmedia":[{"embeddable":true,"href":"https:\/\/hostnetart.com.br\/baixada\/wp-json\/wp\/v2\/media\/11344"}],"wp:attachment":[{"href":"https:\/\/hostnetart.com.br\/baixada\/wp-json\/wp\/v2\/media?parent=11345"}],"wp:term":[{"taxonomy":"category","embeddable":true,"href":"https:\/\/hostnetart.com.br\/baixada\/wp-json\/wp\/v2\/categories?post=11345"},{"taxonomy":"post_tag","embeddable":true,"href":"https:\/\/hostnetart.com.br\/baixada\/wp-json\/wp\/v2\/tags?post=11345"}],"curies":[{"name":"wp","href":"https:\/\/api.w.org\/{rel}","templated":true}]}}