{"id":11343,"date":"2021-08-17T01:22:15","date_gmt":"2021-08-17T04:22:15","guid":{"rendered":"https:\/\/hostnetart.com.br\/baixada\/sindicato-dos-bancarios-da-baixada-fluminense-reintegra-mais-uma-bancaria-do-bradesco-3\/"},"modified":"2021-08-17T01:22:15","modified_gmt":"2021-08-17T04:22:15","slug":"sindicato-dos-bancarios-da-baixada-fluminense-reintegra-mais-uma-bancaria-do-bradesco-3","status":"publish","type":"post","link":"https:\/\/hostnetart.com.br\/baixada\/sindicato-dos-bancarios-da-baixada-fluminense-reintegra-mais-uma-bancaria-do-bradesco-3\/","title":{"rendered":"Sindicato dos Banc\u00e1rios da Baixada Fluminense reintegra mais uma banc\u00e1ria do Bradesco"},"content":{"rendered":"<p>O Sindicato dos Banc\u00e1rios da Baixada Fluminense reintegrou mais uma banc\u00e1ria do Banco Bradesco.<\/p>\n<p>A reintegra\u00e7\u00e3o ocorreu atrav\u00e9s de decis\u00e3o da 2a Vara do Trabalho de Nova Igua\u00e7u.<\/p>\n<p>Monique Leal de Menezes Barros tinha 17 anos de servi\u00e7os prestados ao banco e foi reintegrada na ag\u00eancia 3402 (Avenida Governador Amaral Peixoto), a mesma em que foi demitida.<\/p>\n<p>A banc\u00e1ria foi desligada em plena pandemia do novo coronav\u00edrus, contrariando o compromisso de n\u00e3o demiss\u00e3o que os grandes bancos assumiram.<\/p>\n<p>Al\u00e9m disso, a banc\u00e1ria tamb\u00e9m obteve o benef\u00edcio previdenci\u00e1rio na modalidade B-31, aux\u00edlio doen\u00e7a, durante a proje\u00e7\u00e3o do aviso pr\u00e9vio, caracterizando que estava inapta, quando houve a demiss\u00e3o.<\/p>\n<p>Monique \u00e9 sindicalizada desde sua admiss\u00e3o no banco. Ap\u00f3s o desligamento, procurou atendimento no Sindicato dos Banc\u00e1rios da Baixada Fluminense, sendo atendida pelos Departamentos Jur\u00eddico e de Sa\u00fade da entidade. Pouco tempo depois, teve suas fun\u00e7\u00f5es restitu\u00eddas.<\/p>\n<p>A reintegra\u00e7\u00e3o foi acompanhada pelo Coordenador Geral do Sindicato, Pedro Batista, e pela diretora Renata Soeiro.<\/p>\n<p><span style=\"text-decoration: underline;\">IMPORTANTE<\/span><\/p>\n<p>\u00c9 de fundamental import\u00e2ncia que banc\u00e1rias e banc\u00e1rios, logo que sejam informados de suas demiss\u00f5es, procurem atendimento no Sindicato.<\/p>\n<p>Em caso de demiss\u00e3o, a orienta\u00e7\u00e3o \u00e9 para que o banc\u00e1rio ou banc\u00e1ria entre em contato imediatamente com o Sindicato.<\/p>\n<p>SINDICALIZE-SE<\/p>\n","protected":false},"excerpt":{"rendered":"<p>O Sindicato dos Banc\u00e1rios da Baixada Fluminense reintegrou mais uma banc\u00e1ria do Banco Bradesco. A reintegra\u00e7\u00e3o ocorreu atrav\u00e9s de decis\u00e3o da 2a Vara do Trabalho de Nova Igua\u00e7u. Monique Leal de Menezes Barros tinha 17 anos de servi\u00e7os prestados ao banco e foi reintegrada na ag\u00eancia 3402 (Avenida Governador Amaral Peixoto), a mesma em que [&hellip;]<\/p>\n","protected":false},"author":2,"featured_media":11342,"comment_status":"","ping_status":"","sticky":false,"template":"","format":"standard","meta":{"footnotes":""},"categories":[3],"tags":[],"class_list":["post-11343","post","type-post","status-publish","format-standard","has-post-thumbnail","hentry","category-noticias"],"_links":{"self":[{"href":"https:\/\/hostnetart.com.br\/baixada\/wp-json\/wp\/v2\/posts\/11343","targetHints":{"allow":["GET"]}}],"collection":[{"href":"https:\/\/hostnetart.com.br\/baixada\/wp-json\/wp\/v2\/posts"}],"about":[{"href":"https:\/\/hostnetart.com.br\/baixada\/wp-json\/wp\/v2\/types\/post"}],"author":[{"embeddable":true,"href":"https:\/\/hostnetart.com.br\/baixada\/wp-json\/wp\/v2\/users\/2"}],"replies":[{"embeddable":true,"href":"https:\/\/hostnetart.com.br\/baixada\/wp-json\/wp\/v2\/comments?post=11343"}],"version-history":[{"count":0,"href":"https:\/\/hostnetart.com.br\/baixada\/wp-json\/wp\/v2\/posts\/11343\/revisions"}],"wp:featuredmedia":[{"embeddable":true,"href":"https:\/\/hostnetart.com.br\/baixada\/wp-json\/wp\/v2\/media\/11342"}],"wp:attachment":[{"href":"https:\/\/hostnetart.com.br\/baixada\/wp-json\/wp\/v2\/media?parent=11343"}],"wp:term":[{"taxonomy":"category","embeddable":true,"href":"https:\/\/hostnetart.com.br\/baixada\/wp-json\/wp\/v2\/categories?post=11343"},{"taxonomy":"post_tag","embeddable":true,"href":"https:\/\/hostnetart.com.br\/baixada\/wp-json\/wp\/v2\/tags?post=11343"}],"curies":[{"name":"wp","href":"https:\/\/api.w.org\/{rel}","templated":true}]}}