{"id":11339,"date":"2021-08-13T22:18:58","date_gmt":"2021-08-14T01:18:58","guid":{"rendered":"https:\/\/hostnetart.com.br\/baixada\/comando-nacional-dos-bancarios-discute-retorno-ao-trabalho-presencial-com-fenaban\/"},"modified":"2021-08-13T22:18:58","modified_gmt":"2021-08-14T01:18:58","slug":"comando-nacional-dos-bancarios-discute-retorno-ao-trabalho-presencial-com-fenaban","status":"publish","type":"post","link":"https:\/\/hostnetart.com.br\/baixada\/comando-nacional-dos-bancarios-discute-retorno-ao-trabalho-presencial-com-fenaban\/","title":{"rendered":"Comando Nacional dos Banc\u00e1rios discute retorno ao trabalho presencial com Fenaban"},"content":{"rendered":"<p>O Comando Nacional\u00a0dos\u00a0Banc\u00e1rios\u00a0e a Federa\u00e7\u00e3o Nacional dos Bancos (Fenaban) discutiram nesta sexta-feira (13) sobre o processo de retorno da categoria ao trabalho presencial. A preocupa\u00e7\u00e3o do Comando \u00e9 com a pandemia, que ainda est\u00e1 causando m\u00e9dia di\u00e1ria de mil mortes di\u00e1rias. Foi apresentada aos representantes dos bancos a preocupa\u00e7\u00e3o com uma precipita\u00e7\u00e3o na volta ao trabalho presencial e com a necessidade de qualquer processo de retorno ser anteriormente negociado.<\/p>\n<p>\u201cEspero que essa negocia\u00e7\u00e3o que fizemos impe\u00e7a qualquer precipita\u00e7\u00e3o na volta ao trabalho presencial. Colocamos que banc\u00e1rias e banc\u00e1rios precisam estar vacinados e mesmo a popula\u00e7\u00e3o precisa ter a vacina\u00e7\u00e3o completa. Cobramos cautela, para n\u00e3o ter um retorno em massa. Para os que j\u00e1 est\u00e3o trabalhando, \u00e9 preciso ampliar a prote\u00e7\u00e3o e por isso tamb\u00e9m discutimos uma padroniza\u00e7\u00e3o dos protocolos de seguran\u00e7a. Ap\u00f3s a Confer\u00eancia Nacional (3 e 4 de setembro) podemos voltar a conversar sobre o tema\u201d, informou a coordenadora do Comando Nacional e presidente da Confedera\u00e7\u00e3o Nacional dos Trabalhadores do Ramo] Financeiro (Contraf-CUT), Juvandia Moreira.<\/p>\n<p>Especialistas recomendam que qualquer medida de relaxamento no isolamento social somente seja adotada quando pelo menos 70% da popula\u00e7\u00e3o estiver completamente vacinada. At\u00e9 a tarde desta sexta-feira (13), somente 22,8% da popula\u00e7\u00e3o brasileira tinha recebido a vacina\u00e7\u00e3o completa. \u201cEspero que essa negocia\u00e7\u00e3o segure qualquer precipita\u00e7\u00e3o no retorno ao trabalho presencial. Estamos falando de vidas. N\u00e3o estamos em um quadro tranquilo, para baixar nenhum tipo de prote\u00e7\u00e3o\u201d alertou Juvandia Moreira.<\/p>\n<p><strong>Protocolo<\/strong><\/p>\n<p>A preocupa\u00e7\u00e3o com a prote\u00e7\u00e3o de quem j\u00e1 est\u00e1 em trabalho presencial tamb\u00e9m foi discutida. Desde o in\u00edcio do ano, o Comando e a Fenaban discutem a padroniza\u00e7\u00e3o das medidas de seguran\u00e7a nos locais de trabalho. Os bancos apresentaram uma proposta de protocolo que foi analisada pelo Comando, que acrescentou alguns pontos. A Fenaban ficou de responder \u00e0s propostas de mudan\u00e7as para definir um protocolo \u00fanico para todos os bancos.<\/p>\n<p><strong>Fonte: Contraf-CUT<\/strong><\/p>\n","protected":false},"excerpt":{"rendered":"<p>O Comando Nacional\u00a0dos\u00a0Banc\u00e1rios\u00a0e a Federa\u00e7\u00e3o Nacional dos Bancos (Fenaban) discutiram nesta sexta-feira (13) sobre o processo de retorno da categoria ao trabalho presencial. A preocupa\u00e7\u00e3o do Comando \u00e9 com a pandemia, que ainda est\u00e1 causando m\u00e9dia di\u00e1ria de mil mortes di\u00e1rias. Foi apresentada aos representantes dos bancos a preocupa\u00e7\u00e3o com uma precipita\u00e7\u00e3o na volta ao [&hellip;]<\/p>\n","protected":false},"author":2,"featured_media":11338,"comment_status":"","ping_status":"","sticky":false,"template":"","format":"standard","meta":{"footnotes":""},"categories":[3],"tags":[],"class_list":["post-11339","post","type-post","status-publish","format-standard","has-post-thumbnail","hentry","category-noticias"],"_links":{"self":[{"href":"https:\/\/hostnetart.com.br\/baixada\/wp-json\/wp\/v2\/posts\/11339","targetHints":{"allow":["GET"]}}],"collection":[{"href":"https:\/\/hostnetart.com.br\/baixada\/wp-json\/wp\/v2\/posts"}],"about":[{"href":"https:\/\/hostnetart.com.br\/baixada\/wp-json\/wp\/v2\/types\/post"}],"author":[{"embeddable":true,"href":"https:\/\/hostnetart.com.br\/baixada\/wp-json\/wp\/v2\/users\/2"}],"replies":[{"embeddable":true,"href":"https:\/\/hostnetart.com.br\/baixada\/wp-json\/wp\/v2\/comments?post=11339"}],"version-history":[{"count":0,"href":"https:\/\/hostnetart.com.br\/baixada\/wp-json\/wp\/v2\/posts\/11339\/revisions"}],"wp:featuredmedia":[{"embeddable":true,"href":"https:\/\/hostnetart.com.br\/baixada\/wp-json\/wp\/v2\/media\/11338"}],"wp:attachment":[{"href":"https:\/\/hostnetart.com.br\/baixada\/wp-json\/wp\/v2\/media?parent=11339"}],"wp:term":[{"taxonomy":"category","embeddable":true,"href":"https:\/\/hostnetart.com.br\/baixada\/wp-json\/wp\/v2\/categories?post=11339"},{"taxonomy":"post_tag","embeddable":true,"href":"https:\/\/hostnetart.com.br\/baixada\/wp-json\/wp\/v2\/tags?post=11339"}],"curies":[{"name":"wp","href":"https:\/\/api.w.org\/{rel}","templated":true}]}}