{"id":11333,"date":"2021-08-12T21:31:14","date_gmt":"2021-08-13T00:31:14","guid":{"rendered":"https:\/\/hostnetart.com.br\/baixada\/fetraf-rj-es-realiza-sua-23-conferencia-no-sabado-14\/"},"modified":"2021-08-12T21:31:14","modified_gmt":"2021-08-13T00:31:14","slug":"fetraf-rj-es-realiza-sua-23-conferencia-no-sabado-14","status":"publish","type":"post","link":"https:\/\/hostnetart.com.br\/baixada\/fetraf-rj-es-realiza-sua-23-conferencia-no-sabado-14\/","title":{"rendered":"Fetraf RJ\/ES realiza sua 23\u00aa Confer\u00eancia no s\u00e1bado (14)"},"content":{"rendered":"<p>\u00a0Federa\u00e7\u00e3o dos Trabalhadores do Ramo Financeiro dos Estados do Rio de Janeiro e Esp\u00edrito Santo (Fetraf RJ\/ES) realizar\u00e1 sua 23\u00aa Confer\u00eancia Interestadual, no pr\u00f3ximo s\u00e1bado (14).<\/p>\n<p>O evento, que ocorrer\u00e1 a partir das 9h de forma virtual, ser\u00e1 aberto \u00e0s banc\u00e1rias e aos banc\u00e1rios que trabalham nas cidades que fazem parte da base dos sindicatos filiados \u00e0 Fetraf RJ\/ES (Angra dos Reis, Baixada Fluminense, Esp\u00edrito Santo, Itaperuna, Maca\u00e9 e Regi\u00e3o, Nova Friburgo e Tr\u00eas Rios).<\/p>\n<p>Para participar, \u00e9 necess\u00e1rio fazer a pr\u00e9-inscri\u00e7\u00e3o at\u00e9 o dia 11 de agosto, quarta-feira, informando um e-mail v\u00e1lido, atrav\u00e9s do link:\u00a0<a href=\"https:\/\/forms.gle\/jcHwS5sS8RzZZk2K7\" target=\"_blank\" rel=\"noopener noreferrer\">https:\/\/forms.gle\/jcHwS5sS8RzZZk2K7<\/a>. Uma senha ser\u00e1 enviada no dia 12\/08\/2021, ap\u00f3s \u00e0s 11h.<\/p>\n","protected":false},"excerpt":{"rendered":"<p>\u00a0Federa\u00e7\u00e3o dos Trabalhadores do Ramo Financeiro dos Estados do Rio de Janeiro e Esp\u00edrito Santo (Fetraf RJ\/ES) realizar\u00e1 sua 23\u00aa Confer\u00eancia Interestadual, no pr\u00f3ximo s\u00e1bado (14). O evento, que ocorrer\u00e1 a partir das 9h de forma virtual, ser\u00e1 aberto \u00e0s banc\u00e1rias e aos banc\u00e1rios que trabalham nas cidades que fazem parte da base dos sindicatos [&hellip;]<\/p>\n","protected":false},"author":2,"featured_media":11332,"comment_status":"","ping_status":"","sticky":false,"template":"","format":"standard","meta":{"footnotes":""},"categories":[3],"tags":[],"class_list":["post-11333","post","type-post","status-publish","format-standard","has-post-thumbnail","hentry","category-noticias"],"_links":{"self":[{"href":"https:\/\/hostnetart.com.br\/baixada\/wp-json\/wp\/v2\/posts\/11333","targetHints":{"allow":["GET"]}}],"collection":[{"href":"https:\/\/hostnetart.com.br\/baixada\/wp-json\/wp\/v2\/posts"}],"about":[{"href":"https:\/\/hostnetart.com.br\/baixada\/wp-json\/wp\/v2\/types\/post"}],"author":[{"embeddable":true,"href":"https:\/\/hostnetart.com.br\/baixada\/wp-json\/wp\/v2\/users\/2"}],"replies":[{"embeddable":true,"href":"https:\/\/hostnetart.com.br\/baixada\/wp-json\/wp\/v2\/comments?post=11333"}],"version-history":[{"count":0,"href":"https:\/\/hostnetart.com.br\/baixada\/wp-json\/wp\/v2\/posts\/11333\/revisions"}],"wp:featuredmedia":[{"embeddable":true,"href":"https:\/\/hostnetart.com.br\/baixada\/wp-json\/wp\/v2\/media\/11332"}],"wp:attachment":[{"href":"https:\/\/hostnetart.com.br\/baixada\/wp-json\/wp\/v2\/media?parent=11333"}],"wp:term":[{"taxonomy":"category","embeddable":true,"href":"https:\/\/hostnetart.com.br\/baixada\/wp-json\/wp\/v2\/categories?post=11333"},{"taxonomy":"post_tag","embeddable":true,"href":"https:\/\/hostnetart.com.br\/baixada\/wp-json\/wp\/v2\/tags?post=11333"}],"curies":[{"name":"wp","href":"https:\/\/api.w.org\/{rel}","templated":true}]}}