{"id":11327,"date":"2021-08-11T15:33:20","date_gmt":"2021-08-11T18:33:20","guid":{"rendered":"https:\/\/hostnetart.com.br\/baixada\/bancaria-do-itau-e-reintegrada-pelo-sindicato-dos-bancarios-da-baixada-fluminense-2\/"},"modified":"2021-08-11T15:33:20","modified_gmt":"2021-08-11T18:33:20","slug":"bancaria-do-itau-e-reintegrada-pelo-sindicato-dos-bancarios-da-baixada-fluminense-2","status":"publish","type":"post","link":"https:\/\/hostnetart.com.br\/baixada\/bancaria-do-itau-e-reintegrada-pelo-sindicato-dos-bancarios-da-baixada-fluminense-2\/","title":{"rendered":"Banc\u00e1ria do Ita\u00fa \u00e9 reintegrada pelo Sindicato dos Banc\u00e1rios da Baixada Fluminense"},"content":{"rendered":"<p>Nesta quarta-feira, 11 de agosto, mais uma banc\u00e1ria do Banco Ita\u00fa foi reintegrada pelo Sindicato dos Banc\u00e1rios da Baixada Fluminense.<\/p>\n<p>A reintegra\u00e7\u00e3o ocorreu na ag\u00eancia de Gramacho atrav\u00e9s de decis\u00e3o da 7a Vara do Trabalho de\u00a0Duque de Caxias<\/p>\n<p>Taiana da Silva Ramos tinha 13 anos de servi\u00e7os prestados ao banco e foi demitida em plena pandemia do novo coronav\u00edrus, contrariando o compromisso de n\u00e3o demiss\u00e3o que os grandes bancos assumiram. Al\u00e9m disso, a\u00a0banc\u00e1ria tamb\u00e9m obteve o benef\u00edcio previdenci\u00e1rio na modalidade B-31, aux\u00edlio doen\u00e7a, durante a proje\u00e7\u00e3o do aviso pr\u00e9vio, caracterizando que estava inapta, quando houve a demiss\u00e3o.<\/p>\n<p>Ap\u00f3s a demiss\u00e3o, a banc\u00e1ria buscou atendimento no\u00a0Sindicato dos Banc\u00e1rios da Baixada Fluminense, e foi prontamente atendida pelos Departamentos Jur\u00eddico e de Sa\u00fade da entidade.\u00a0<\/p>\n<p>Taiana, que sempre acreditou no trabalho do Sindicato,\u00a0teve suas fun\u00e7\u00f5es restitu\u00eddas, reparando mais uma injusti\u00e7a cometida.<\/p>\n<p>A reintegra\u00e7\u00e3o foi acompanhada pelos diretores do Sindicato: Cl\u00e1udio Leite, Marcelo Silva, Dialas Coelho, Martins Bezerra e Newton Fran\u00e7a.<\/p>\n<p><span style=\"text-decoration: underline;\">IMPORTANTE<\/span><\/p>\n<p>\u00c9 de fundamental import\u00e2ncia que banc\u00e1rias e banc\u00e1rios, logo que sejam informados de suas demiss\u00f5es, procurem atendimento no Sindicato.<\/p>\n<p>Em caso de demiss\u00e3o, a orienta\u00e7\u00e3o \u00e9 para que o banc\u00e1rio ou banc\u00e1ria entre em contato imediatamente com o Sindicato.<\/p>\n<p><strong>SINDICALIZE-SE<\/strong><\/p>\n","protected":false},"excerpt":{"rendered":"<p>Nesta quarta-feira, 11 de agosto, mais uma banc\u00e1ria do Banco Ita\u00fa foi reintegrada pelo Sindicato dos Banc\u00e1rios da Baixada Fluminense. A reintegra\u00e7\u00e3o ocorreu na ag\u00eancia de Gramacho atrav\u00e9s de decis\u00e3o da 7a Vara do Trabalho de\u00a0Duque de Caxias Taiana da Silva Ramos tinha 13 anos de servi\u00e7os prestados ao banco e foi demitida em plena [&hellip;]<\/p>\n","protected":false},"author":2,"featured_media":11326,"comment_status":"","ping_status":"","sticky":false,"template":"","format":"standard","meta":{"footnotes":""},"categories":[3],"tags":[],"class_list":["post-11327","post","type-post","status-publish","format-standard","has-post-thumbnail","hentry","category-noticias"],"_links":{"self":[{"href":"https:\/\/hostnetart.com.br\/baixada\/wp-json\/wp\/v2\/posts\/11327","targetHints":{"allow":["GET"]}}],"collection":[{"href":"https:\/\/hostnetart.com.br\/baixada\/wp-json\/wp\/v2\/posts"}],"about":[{"href":"https:\/\/hostnetart.com.br\/baixada\/wp-json\/wp\/v2\/types\/post"}],"author":[{"embeddable":true,"href":"https:\/\/hostnetart.com.br\/baixada\/wp-json\/wp\/v2\/users\/2"}],"replies":[{"embeddable":true,"href":"https:\/\/hostnetart.com.br\/baixada\/wp-json\/wp\/v2\/comments?post=11327"}],"version-history":[{"count":0,"href":"https:\/\/hostnetart.com.br\/baixada\/wp-json\/wp\/v2\/posts\/11327\/revisions"}],"wp:featuredmedia":[{"embeddable":true,"href":"https:\/\/hostnetart.com.br\/baixada\/wp-json\/wp\/v2\/media\/11326"}],"wp:attachment":[{"href":"https:\/\/hostnetart.com.br\/baixada\/wp-json\/wp\/v2\/media?parent=11327"}],"wp:term":[{"taxonomy":"category","embeddable":true,"href":"https:\/\/hostnetart.com.br\/baixada\/wp-json\/wp\/v2\/categories?post=11327"},{"taxonomy":"post_tag","embeddable":true,"href":"https:\/\/hostnetart.com.br\/baixada\/wp-json\/wp\/v2\/tags?post=11327"}],"curies":[{"name":"wp","href":"https:\/\/api.w.org\/{rel}","templated":true}]}}