{"id":11323,"date":"2021-08-11T14:07:28","date_gmt":"2021-08-11T17:07:28","guid":{"rendered":"https:\/\/hostnetart.com.br\/baixada\/trabalhadores-preparam-mobilizacao-contra-a-reforma-administrativa-e-o-desemprego\/"},"modified":"2021-08-11T14:07:28","modified_gmt":"2021-08-11T17:07:28","slug":"trabalhadores-preparam-mobilizacao-contra-a-reforma-administrativa-e-o-desemprego","status":"publish","type":"post","link":"https:\/\/hostnetart.com.br\/baixada\/trabalhadores-preparam-mobilizacao-contra-a-reforma-administrativa-e-o-desemprego\/","title":{"rendered":"Trabalhadores preparam mobiliza\u00e7\u00e3o contra a reforma administrativa e o desemprego"},"content":{"rendered":"<p>Os trabalhadores v\u00e3o se mobilizar na pr\u00f3xima quarta-feira (18) contra a reforma administrativa, que ataca os direitos dos servidores p\u00fablicos, e o desemprego no pa\u00eds. Ser\u00e1 o Dia Nacional de Mobiliza\u00e7\u00e3o e Paralisa\u00e7\u00e3o, data que marcar\u00e1 a greve geral dos servidores p\u00fablicos contra o projeto de reforma que tramita na C\u00e2mara.<\/p>\n<p>\u201cConvoco todos os segmentos da classe trabalhadora, em especial os servidores e servidoras p\u00fablicos nas tr\u00eas esferas (municipal, estadual e federal) para protestar no dia 18 de agosto, de todas as formas poss\u00edveis\u201d, afirma o presidente nacional da CUT, S\u00e9rgio Nobre.<\/p>\n<p>\u201cA PEC 32 (Proposta de Emenda \u00e0 Constitui\u00e7\u00e3o), na qual o governo Bolsonaro quer impor a famigerada reforma administrativa, nada mais \u00e9 do que a cria\u00e7\u00e3o de condi\u00e7\u00f5es para a contrata\u00e7\u00e3o de forma prec\u00e1ria no servi\u00e7o p\u00fablico, com jornada parcial de trabalho e at\u00e9 com sal\u00e1rio inferior ao m\u00ednimo\u201d, explica o presidente da CUT, ao convocar para a greve dos servidores p\u00fablicos.<\/p>\n<p>\u201cA reforma administrativa n\u00e3o vai ser boa para ningu\u00e9m, nem para os servidores nem para a popula\u00e7\u00e3o\u201d, afirma Margarida, 53 anos, tr\u00eas filhos, servidora p\u00fablica da \u00e1rea da sa\u00fade h\u00e1 29 anos, convidada do presidente nacional da CUT a abrir o v\u00eddeo no qual ele faz a convoca\u00e7\u00e3o para o Dia Nacional de Mobiliza\u00e7\u00e3o e Paralisa\u00e7\u00e3o.\u00a0<\/p>\n<figure class=\"wp-block-embed-youtube wp-block-embed is-type-video is-provider-youtube wp-embed-aspect-16-9 wp-has-aspect-ratio\"><\/figure>\n<p>\u00a0\u201cBolsonaro ataca os direitos da classe trabalhadora enquanto recria um minist\u00e9rio do trabalho que n\u00e3o servir\u00e1 para dialogar com o movimento sindical ou reparar direitos que foram retirados nos \u00faltimos anos, mas sim para trazer de volta a carteira verde amarela, que \u00e9 a carteira de trabalho sem direitos nenhum e trabalho sem direitos tem nome: \u00e9 escravid\u00e3o\u201d, define o presidente nacional da CUT.<\/p>\n<p>No dia 18 de agosto, afirma S\u00e9rgio Nobre, precisamos fazer grandes atos, assembleias nas entradas e nos locais de trabalho, nas ruas, panfletagem em pontos de \u00f4nibus, terminais de trem, metr\u00f4, falar com a popula\u00e7\u00e3o, fazer paralisa\u00e7\u00f5es, carreatas, tomar as redes sociais com a pauta da classe trabalhadora.<\/p>\n<p>S\u00e9rgio Nobre enfatiza, que \u00e9 para ningu\u00e9m esquecer por um minuto sequer, que, visando um projeto pessoal e eleitoral: \u201co governo genocida de Bolsonaro amea\u00e7a entregar o patrim\u00f4nio do povo brasileiro, vender o sistema el\u00e9trico, vender a Petrobras, os Correios, o Banco do Brasil, a Caixa, que s\u00e3o instrumentos de desenvolvimento do nosso pais, e assim desmontar os servi\u00e7os p\u00fablicos\u201d.<\/p>\n<p class=\"has-background has-very-light-gray-background-color\">\u201cN\u00e3o podemos permitir e somente a luta impedir\u00e1 essa trag\u00e9dia, por isso, a CUT, em unidade com as demais centrais sindicais e os movimentos sociais, convoca uma grande mobiliza\u00e7\u00e3o para o 18 de agosto, convoca para que seja um dia de luta, de paralisa\u00e7\u00e3o de mobiliza\u00e7\u00e3o, de protesto em todo o Brasil, de todos os trabalhadores e trabalhadores\u201d, afirma S\u00e9rgio Nobre.<\/p>\n<p><strong><em>Fonte: Rede Brasil Atual com informa\u00e7\u00f5es da\u00a0<a href=\"https:\/\/www.cut.org.br\/\" target=\"_blank\" rel=\"noopener noreferrer\">CUT<\/a><\/em><\/strong><\/p>\n","protected":false},"excerpt":{"rendered":"<p>Os trabalhadores v\u00e3o se mobilizar na pr\u00f3xima quarta-feira (18) contra a reforma administrativa, que ataca os direitos dos servidores p\u00fablicos, e o desemprego no pa\u00eds. Ser\u00e1 o Dia Nacional de Mobiliza\u00e7\u00e3o e Paralisa\u00e7\u00e3o, data que marcar\u00e1 a greve geral dos servidores p\u00fablicos contra o projeto de reforma que tramita na C\u00e2mara. \u201cConvoco todos os segmentos [&hellip;]<\/p>\n","protected":false},"author":2,"featured_media":11322,"comment_status":"","ping_status":"","sticky":false,"template":"","format":"standard","meta":{"footnotes":""},"categories":[3],"tags":[],"class_list":["post-11323","post","type-post","status-publish","format-standard","has-post-thumbnail","hentry","category-noticias"],"_links":{"self":[{"href":"https:\/\/hostnetart.com.br\/baixada\/wp-json\/wp\/v2\/posts\/11323","targetHints":{"allow":["GET"]}}],"collection":[{"href":"https:\/\/hostnetart.com.br\/baixada\/wp-json\/wp\/v2\/posts"}],"about":[{"href":"https:\/\/hostnetart.com.br\/baixada\/wp-json\/wp\/v2\/types\/post"}],"author":[{"embeddable":true,"href":"https:\/\/hostnetart.com.br\/baixada\/wp-json\/wp\/v2\/users\/2"}],"replies":[{"embeddable":true,"href":"https:\/\/hostnetart.com.br\/baixada\/wp-json\/wp\/v2\/comments?post=11323"}],"version-history":[{"count":0,"href":"https:\/\/hostnetart.com.br\/baixada\/wp-json\/wp\/v2\/posts\/11323\/revisions"}],"wp:featuredmedia":[{"embeddable":true,"href":"https:\/\/hostnetart.com.br\/baixada\/wp-json\/wp\/v2\/media\/11322"}],"wp:attachment":[{"href":"https:\/\/hostnetart.com.br\/baixada\/wp-json\/wp\/v2\/media?parent=11323"}],"wp:term":[{"taxonomy":"category","embeddable":true,"href":"https:\/\/hostnetart.com.br\/baixada\/wp-json\/wp\/v2\/categories?post=11323"},{"taxonomy":"post_tag","embeddable":true,"href":"https:\/\/hostnetart.com.br\/baixada\/wp-json\/wp\/v2\/tags?post=11323"}],"curies":[{"name":"wp","href":"https:\/\/api.w.org\/{rel}","templated":true}]}}