{"id":11321,"date":"2021-08-10T18:38:01","date_gmt":"2021-08-10T21:38:01","guid":{"rendered":"https:\/\/hostnetart.com.br\/baixada\/juizes-e-procuradores-criticam-reforma-incluida-na-mp-de-reducao-do-salario\/"},"modified":"2021-08-10T18:38:01","modified_gmt":"2021-08-10T21:38:01","slug":"juizes-e-procuradores-criticam-reforma-incluida-na-mp-de-reducao-do-salario","status":"publish","type":"post","link":"https:\/\/hostnetart.com.br\/baixada\/juizes-e-procuradores-criticam-reforma-incluida-na-mp-de-reducao-do-salario\/","title":{"rendered":"Ju\u00edzes e procuradores criticam \u2018reforma\u2019 inclu\u00edda na MP de redu\u00e7\u00e3o do sal\u00e1rio"},"content":{"rendered":"<p>A C\u00e2mara est\u00e1 para votar a Medida Provis\u00f3ria (MP) 1.045, de renova\u00e7\u00e3o do programa de redu\u00e7\u00e3o ou suspens\u00e3o de sal\u00e1rios e jornada de trabalho. Mas o substitutivo ao projeto original inclui uma s\u00e9rie de \u201cjabutis\u201d, temas estranhos ao assunto. Isso porque o\u00a0<a href=\"https:\/\/www.camara.leg.br\/proposicoesWeb\/prop_mostrarintegra?codteor=2045945&amp;filename=Tramitacao-MPV+1045\/2021\">parecer preliminar do relator<\/a>, deputado Christino Aureo (PP-RJ), acrescentou v\u00e1rios outros itens ao texto. Para observadores, com os jabutis, a MP se torna mais uma minirreforma trabalhista. Por isso, o projeto \u00e9 criticado pelas centrais sindicais, pelo Minist\u00e9rio P\u00fablico do Trabalho e pela Anamatra, associa\u00e7\u00e3o que re\u00fane os magistrados.<\/p>\n<p>O MPT, por sinal, elaborou documento apontando \u201cv\u00edcios de constitucionalidade e convencionalidade formais e materiais\u201d. Com isso, acrescentou, a proposta pode criar \u201cinseguran\u00e7a jur\u00eddica e consequ\u00eancias altamente danosas para a sociedade\u201d. O texto tamb\u00e9m ataca a prerrogativa do MPT de negociar termos de ajustamento de conduta (TACs). J\u00e1 o Dieese, ainda no in\u00edcio da tramita\u00e7\u00e3o da MP 1.045, elaborou\u00a0<a href=\"https:\/\/www.dieese.org.br\/notatecnica\/2021\/notaTec256programaManEmprego.pdf\">nota t\u00e9cnica citando alguns \u201cpontos cr\u00edticos\u201d do projeto<\/a>, como perda de renda e favorecimento \u00e0 negocia\u00e7\u00e3o individual.<\/p>\n<h3>Temas j\u00e1 rejeitados<\/h3>\n<p>Na \u00faltima quarta-feira (4), representantes da Anamatra circularam na C\u00e2mara e distribu\u00edram nota t\u00e9cnica contr\u00e1ria \u00e0 aprova\u00e7\u00e3o do relat\u00f3rio sobe a MP 1.045. No documento, a entidade pede a exclus\u00e3o de 63 artigos da medida provis\u00f3ria.<\/p>\n<p>Segundo o presidente da associa\u00e7\u00e3o, \u00a0Luiz Antonio Colussi, o relat\u00f3rio de \u00c1ureo busca inserir itens que j\u00e1 foram propostos \u2013 e rejeitados. \u201cA tentativa de inserir temas estranhos ao texto original de medida provis\u00f3ria n\u00e3o \u00e9 nova. O Supremo Tribunal Federal j\u00e1 teve oportunidade de reconhecer a inadequa\u00e7\u00e3o do procedimento, o qual agride expressos dispositivos da Constitui\u00e7\u00e3o\u201d, afirmou.<\/p>\n<h3>\u201cNada de bom\u201d<\/h3>\n<p>\u201cRedu\u00e7\u00e3o de direitos trabalhistas, facilita\u00e7\u00e3o de contrata\u00e7\u00f5es prec\u00e1rias, achatamento de sindicatos, diminui\u00e7\u00e3o da estrutura fiscalizat\u00f3ria e leni\u00eancia na repress\u00e3o a maus empregadores: nada de bom, em nenhum momento e em nenhum lugar, adveio de pol\u00edticas e pr\u00e1ticas com esses valores\u201d, acrescentou Colussi. \u201cSe n\u00e3o funcionou com lei formalmente aprovada, dificilmente ser\u00e1 com disposi\u00e7\u00f5es enxertadas.\u201d<\/p>\n<p>Apresentada em abril, a MP do \u201cNovo Programa Emergencial de Manuten\u00e7\u00e3o do Emprego e da Renda\u201d prev\u00ea pagamento de uma parte do seguro-desemprego ao trabalhador que tiver o contrato suspenso ou o sal\u00e1rio e a jornada reduzidos. O substitutivo incluiu o Programa Primeira Oportunidade e Reinser\u00e7\u00e3o no Emprego (Priore), direcionado a jovens de 18 a 29 anos, no caso de primeiro emprego com registro em carteira, e as pessoas com mais de 55 anos sem v\u00ednculo formal h\u00e1 mais de 12 meses.<a href=\"https:\/\/www.redebrasilatual.com.br\/politica\/2020\/04\/governo-perde-e-desiste-de-mp-do-contrato-verde-e-amarelo-que-sera-parcialmente-reeditada\/\">\u00a0Tentativa semelhante fez parte do derrotado projeto da carteira de trabalho verde e amarela.<\/a>\u00a0Tamb\u00e9m aqui, a al\u00edquota do FGTS \u00e9 reduzida de 8% para 2%.<\/p>\n<h3>Sem contrato, s\u00f3 \u201cb\u00f4nus\u201d<\/h3>\n<p>E surgiu ainda o Requip, um regime especial de trabalho. No caso, os destinat\u00e1rios s\u00e3o trabalhadores sem registro h\u00e1 mais de dois anos, jovens de 18 a 29 anos e benefici\u00e1rios do programa Bolsa Fam\u00edlia com renda mensal familiar de at\u00e9 dois sal\u00e1rios m\u00ednimos. Esse regime n\u00e3o ser\u00e1 considerado v\u00ednculo empregat\u00edcio e prev\u00ea pagamento de b\u00f4nus. Assim, sem contrato e sem direitos como f\u00e9rias e contribui\u00e7\u00e3o previdenci\u00e1ria.<\/p>\n<p>Segundo o presidente da CUT, S\u00e9rgio Nobre, as emendas, al\u00e9m de n\u00e3o resolver o problema do emprego, prejudicam a educa\u00e7\u00e3o formal. \u201cOs jovens t\u00eam de estudar para se desenvolver profissionalmente, estabelecer uma carreira, estruturar a vida com emprego de qualidade para que possam sustentar, mais tarde, uma fam\u00edlia\u201d, afirma. \u201cQualquer oportunidade de trabalho \u00e9 importante, mas emprego prec\u00e1rio n\u00e3o faz o pa\u00eds crescer. \u00c9 preciso emprego com qualidade, com prote\u00e7\u00e3o social e\u00a0 previd\u00eancia. Mas o governo mente para o povo dizendo que a CLT sai cara para as empresas e por isso elas n\u00e3o empregam.\u201d<\/p>\n<p><strong>Fonte: Rede Brasil Atual<\/strong><\/p>\n","protected":false},"excerpt":{"rendered":"<p>A C\u00e2mara est\u00e1 para votar a Medida Provis\u00f3ria (MP) 1.045, de renova\u00e7\u00e3o do programa de redu\u00e7\u00e3o ou suspens\u00e3o de sal\u00e1rios e jornada de trabalho. Mas o substitutivo ao projeto original inclui uma s\u00e9rie de \u201cjabutis\u201d, temas estranhos ao assunto. Isso porque o\u00a0parecer preliminar do relator, deputado Christino Aureo (PP-RJ), acrescentou v\u00e1rios outros itens ao texto. [&hellip;]<\/p>\n","protected":false},"author":2,"featured_media":11320,"comment_status":"","ping_status":"","sticky":false,"template":"","format":"standard","meta":{"footnotes":""},"categories":[3],"tags":[],"class_list":["post-11321","post","type-post","status-publish","format-standard","has-post-thumbnail","hentry","category-noticias"],"_links":{"self":[{"href":"https:\/\/hostnetart.com.br\/baixada\/wp-json\/wp\/v2\/posts\/11321","targetHints":{"allow":["GET"]}}],"collection":[{"href":"https:\/\/hostnetart.com.br\/baixada\/wp-json\/wp\/v2\/posts"}],"about":[{"href":"https:\/\/hostnetart.com.br\/baixada\/wp-json\/wp\/v2\/types\/post"}],"author":[{"embeddable":true,"href":"https:\/\/hostnetart.com.br\/baixada\/wp-json\/wp\/v2\/users\/2"}],"replies":[{"embeddable":true,"href":"https:\/\/hostnetart.com.br\/baixada\/wp-json\/wp\/v2\/comments?post=11321"}],"version-history":[{"count":0,"href":"https:\/\/hostnetart.com.br\/baixada\/wp-json\/wp\/v2\/posts\/11321\/revisions"}],"wp:featuredmedia":[{"embeddable":true,"href":"https:\/\/hostnetart.com.br\/baixada\/wp-json\/wp\/v2\/media\/11320"}],"wp:attachment":[{"href":"https:\/\/hostnetart.com.br\/baixada\/wp-json\/wp\/v2\/media?parent=11321"}],"wp:term":[{"taxonomy":"category","embeddable":true,"href":"https:\/\/hostnetart.com.br\/baixada\/wp-json\/wp\/v2\/categories?post=11321"},{"taxonomy":"post_tag","embeddable":true,"href":"https:\/\/hostnetart.com.br\/baixada\/wp-json\/wp\/v2\/tags?post=11321"}],"curies":[{"name":"wp","href":"https:\/\/api.w.org\/{rel}","templated":true}]}}