{"id":11313,"date":"2021-08-09T19:37:21","date_gmt":"2021-08-09T22:37:21","guid":{"rendered":"https:\/\/hostnetart.com.br\/baixada\/defender-o-bndes-e-apoiar-o-desenvolvimento-do-brasil\/"},"modified":"2021-08-09T19:37:21","modified_gmt":"2021-08-09T22:37:21","slug":"defender-o-bndes-e-apoiar-o-desenvolvimento-do-brasil","status":"publish","type":"post","link":"https:\/\/hostnetart.com.br\/baixada\/defender-o-bndes-e-apoiar-o-desenvolvimento-do-brasil\/","title":{"rendered":"Defender o BNDES \u00e9 apoiar o desenvolvimento do Brasil"},"content":{"rendered":"<p>Mais de 100 colegas benedenses participaram do Congresso Nacional dos Funcion\u00e1rios do BNDES, organizado pela AFBNDES em parceria com a Contraf-CUT, no s\u00e1bado (7). O evento foi realizado virtualmente na plataforma Zoom. Na sexta-feira (6), o presidente da AFBNDES, Arthur Koblitz, esteve presente na abertura dos congressos dos empregados dos bancos p\u00fablicos federais (BNDES, Banco do Brasil, Caixa, BNB e Basa) em evento realizado pela Confedera\u00e7\u00e3o Nacional dos Banc\u00e1rios.<\/p>\n<p>Toda a pauta do Congresso do BNDES foi cumprida. A abertura contou com a fala da vice-presidente da AFBNDES, Pauliane Oliveira, do economista Fernando Amorim, do Dieese, e do vice-presidente da Contraf-CUT, Vin\u00edcius Assump\u00e7\u00e3o. Depois, com media\u00e7\u00e3o da diretora da Associa\u00e7\u00e3o, Juliana Romeiro, e do vice-presidente Fernando Newlands, houve apresenta\u00e7\u00f5es relacionadas aos servi\u00e7os prestados pelas assessorias parlamentar (Ricardo Tortorella), de imprensa (Jos\u00e9 Carlos Mattos) e jur\u00eddica (advogados Mauro Menezes e Bruno Cariello), que t\u00eam fortalecido nossa a\u00e7\u00e3o pol\u00edtica e vitoriosa em defesa do desenvolvimento nacional, do BNDES e de seus empregados.<\/p>\n<p>Por fim, tivemos apresenta\u00e7\u00f5es a respeito da renova\u00e7\u00e3o do Acordo Coletivo de Jornada de Trabalho, dos desafios que envolvem o retorno ao trabalho presencial e das perspectivas relacionadas ao trabalho h\u00edbrido no BNDES, com a relevante participa\u00e7\u00e3o do diretor de Bancos Federais do Sindicato dos Banc\u00e1rios do Rio, Rog\u00e9rio Campanate, e do advogado Breno Cavalcante, do escrit\u00f3rio Cezar Britto. O presidente da AFBNDES, Arthur Koblitz, fez uma fala final, ressaltando o trabalho que vem sendo desenvolvido pela Associa\u00e7\u00e3o desde 2016 em defesa do BNDES e do corpo funcional benedense \u2013 e contr\u00e1rio a medidas arbitr\u00e1rias da administra\u00e7\u00e3o do Banco como ocorreu na negocia\u00e7\u00e3o do ACT de 2020 e na elei\u00e7\u00e3o para o Conselho de Administra\u00e7\u00e3o da institui\u00e7\u00e3o.\u00a0 Agora, estamos mais pr\u00f3ximos dos colegas das demais institui\u00e7\u00f5es financeiras p\u00fablicas federais e de suas entidades de representa\u00e7\u00e3o. E isso tamb\u00e9m deve ser festejado.<\/p>\n<p><strong>Fonte: Contraf-CUT<\/strong><\/p>\n","protected":false},"excerpt":{"rendered":"<p>Mais de 100 colegas benedenses participaram do Congresso Nacional dos Funcion\u00e1rios do BNDES, organizado pela AFBNDES em parceria com a Contraf-CUT, no s\u00e1bado (7). O evento foi realizado virtualmente na plataforma Zoom. Na sexta-feira (6), o presidente da AFBNDES, Arthur Koblitz, esteve presente na abertura dos congressos dos empregados dos bancos p\u00fablicos federais (BNDES, Banco [&hellip;]<\/p>\n","protected":false},"author":2,"featured_media":11312,"comment_status":"","ping_status":"","sticky":false,"template":"","format":"standard","meta":{"footnotes":""},"categories":[3],"tags":[],"class_list":["post-11313","post","type-post","status-publish","format-standard","has-post-thumbnail","hentry","category-noticias"],"_links":{"self":[{"href":"https:\/\/hostnetart.com.br\/baixada\/wp-json\/wp\/v2\/posts\/11313","targetHints":{"allow":["GET"]}}],"collection":[{"href":"https:\/\/hostnetart.com.br\/baixada\/wp-json\/wp\/v2\/posts"}],"about":[{"href":"https:\/\/hostnetart.com.br\/baixada\/wp-json\/wp\/v2\/types\/post"}],"author":[{"embeddable":true,"href":"https:\/\/hostnetart.com.br\/baixada\/wp-json\/wp\/v2\/users\/2"}],"replies":[{"embeddable":true,"href":"https:\/\/hostnetart.com.br\/baixada\/wp-json\/wp\/v2\/comments?post=11313"}],"version-history":[{"count":0,"href":"https:\/\/hostnetart.com.br\/baixada\/wp-json\/wp\/v2\/posts\/11313\/revisions"}],"wp:featuredmedia":[{"embeddable":true,"href":"https:\/\/hostnetart.com.br\/baixada\/wp-json\/wp\/v2\/media\/11312"}],"wp:attachment":[{"href":"https:\/\/hostnetart.com.br\/baixada\/wp-json\/wp\/v2\/media?parent=11313"}],"wp:term":[{"taxonomy":"category","embeddable":true,"href":"https:\/\/hostnetart.com.br\/baixada\/wp-json\/wp\/v2\/categories?post=11313"},{"taxonomy":"post_tag","embeddable":true,"href":"https:\/\/hostnetart.com.br\/baixada\/wp-json\/wp\/v2\/tags?post=11313"}],"curies":[{"name":"wp","href":"https:\/\/api.w.org\/{rel}","templated":true}]}}