{"id":11307,"date":"2021-08-06T13:11:00","date_gmt":"2021-08-06T16:11:00","guid":{"rendered":"https:\/\/hostnetart.com.br\/baixada\/bancarios-do-itau-querem-emprego-saude-e-melhores-condicoes-de-trabalho\/"},"modified":"2021-08-06T13:11:00","modified_gmt":"2021-08-06T16:11:00","slug":"bancarios-do-itau-querem-emprego-saude-e-melhores-condicoes-de-trabalho","status":"publish","type":"post","link":"https:\/\/hostnetart.com.br\/baixada\/bancarios-do-itau-querem-emprego-saude-e-melhores-condicoes-de-trabalho\/","title":{"rendered":"Banc\u00e1rios do Ita\u00fa querem emprego, sa\u00fade e melhores condi\u00e7\u00f5es de trabalho"},"content":{"rendered":"<p>Nesta \u00faltima quinta-feira, 5 de agosto, banc\u00e1rias e banc\u00e1rios do Banco Ita\u00fa realizaram o\u00a0Encontro Nacional dos Trabalhadores do Ita\u00fa,\u00a0onde definiram sua pauta de reivindica\u00e7\u00f5es espec\u00edfica.<\/p>\n<p><span style=\"font-size: 12.16px;\">Os principais pontos da pauta espec\u00edfica de reivindica\u00e7\u00f5es, definidos no Encontro Nacional dos Trabalhadores, foram: emprego, sa\u00fade e melhores condi\u00e7\u00f5es de trabalho.<\/span><\/p>\n<p><span style=\"font-size: 12.16px;\">No total, 159 delegados e delegadas participaram do encontro.\u00a0Alcyon Costa,\u00a0membro efetivo da COE Ita\u00fa, representou o Sindicato dos Banc\u00e1rios da Baixada Fluminense e a\u00a0Federa\u00e7\u00e3o dos Trabalhadores do Ramo Financeiro dos Estados do Rio de Janeiro e Esp\u00edrito Santo (Fetraf RJ\/ES).\u00a0<\/span><\/p>\n<p>Sa\u00fade do trabalhador foi o tema da primeira mesa de trabalho do encontro nacional.<\/p>\n<p>Os trabalhos continuaram com o painel sobre Emprego. Os delegados e delegadas debateram os n\u00fameros apresentados pela economista do Departamento Intersindical de Estat\u00edstica e Estudos Socioecon\u00f4micos (Dieese), C\u00e1tia Uehara, no in\u00edcio do encontro.<\/p>\n<p>O terceiro ponto debatido na pauta foi remunera\u00e7\u00e3o. Os delegados e delegadas mostraram que instabilidade e medo de demiss\u00f5es s\u00e3o os resultados da implementa\u00e7\u00e3o do GERA, programa de remunera\u00e7\u00e3o vari\u00e1vel criado para substituir o AGIR.<\/p>\n<p>O Grupo de Trabalho (GT) de Sa\u00fade do Ita\u00fa foi o tema da quarta mesa de debate do encontro nacional.<\/p>\n<p>E o \u00daltimo tema debatido pelos delegados e delegadas do encontro foi Funda\u00e7\u00e3o Ita\u00fa. Foi feito um breve relato sobre todos os planos e um resgate das \u00faltimas elei\u00e7\u00f5es, realizadas em maio.\u00a0<\/p>\n<p>Alcyon Costa sintetizou a import\u00e2ncia da unidade neste momento que os trabalhadores est\u00e3o atravessando: &#8220;o Encontro Nacional dos Trabalhadores do Ita\u00fa demonstrou que a unidade \u00e9 a alternativa para combater tantas mudan\u00e7as que est\u00e3o ocorrendo no banco&#8221;.<\/p>\n<p><strong>Fonte: Fetraf RJ\/ES<\/strong><\/p>\n<p>\u00a0<\/p>\n","protected":false},"excerpt":{"rendered":"<p>Nesta \u00faltima quinta-feira, 5 de agosto, banc\u00e1rias e banc\u00e1rios do Banco Ita\u00fa realizaram o\u00a0Encontro Nacional dos Trabalhadores do Ita\u00fa,\u00a0onde definiram sua pauta de reivindica\u00e7\u00f5es espec\u00edfica. Os principais pontos da pauta espec\u00edfica de reivindica\u00e7\u00f5es, definidos no Encontro Nacional dos Trabalhadores, foram: emprego, sa\u00fade e melhores condi\u00e7\u00f5es de trabalho. No total, 159 delegados e delegadas participaram do [&hellip;]<\/p>\n","protected":false},"author":2,"featured_media":11306,"comment_status":"","ping_status":"","sticky":false,"template":"","format":"standard","meta":{"footnotes":""},"categories":[3],"tags":[],"class_list":["post-11307","post","type-post","status-publish","format-standard","has-post-thumbnail","hentry","category-noticias"],"_links":{"self":[{"href":"https:\/\/hostnetart.com.br\/baixada\/wp-json\/wp\/v2\/posts\/11307","targetHints":{"allow":["GET"]}}],"collection":[{"href":"https:\/\/hostnetart.com.br\/baixada\/wp-json\/wp\/v2\/posts"}],"about":[{"href":"https:\/\/hostnetart.com.br\/baixada\/wp-json\/wp\/v2\/types\/post"}],"author":[{"embeddable":true,"href":"https:\/\/hostnetart.com.br\/baixada\/wp-json\/wp\/v2\/users\/2"}],"replies":[{"embeddable":true,"href":"https:\/\/hostnetart.com.br\/baixada\/wp-json\/wp\/v2\/comments?post=11307"}],"version-history":[{"count":0,"href":"https:\/\/hostnetart.com.br\/baixada\/wp-json\/wp\/v2\/posts\/11307\/revisions"}],"wp:featuredmedia":[{"embeddable":true,"href":"https:\/\/hostnetart.com.br\/baixada\/wp-json\/wp\/v2\/media\/11306"}],"wp:attachment":[{"href":"https:\/\/hostnetart.com.br\/baixada\/wp-json\/wp\/v2\/media?parent=11307"}],"wp:term":[{"taxonomy":"category","embeddable":true,"href":"https:\/\/hostnetart.com.br\/baixada\/wp-json\/wp\/v2\/categories?post=11307"},{"taxonomy":"post_tag","embeddable":true,"href":"https:\/\/hostnetart.com.br\/baixada\/wp-json\/wp\/v2\/tags?post=11307"}],"curies":[{"name":"wp","href":"https:\/\/api.w.org\/{rel}","templated":true}]}}