{"id":11297,"date":"2021-08-04T19:14:40","date_gmt":"2021-08-04T22:14:40","guid":{"rendered":"https:\/\/hostnetart.com.br\/baixada\/congresso-vai-refletir-sobre-o-banco-do-brasil-que-o-pais-precisa\/"},"modified":"2021-08-04T19:14:40","modified_gmt":"2021-08-04T22:14:40","slug":"congresso-vai-refletir-sobre-o-banco-do-brasil-que-o-pais-precisa","status":"publish","type":"post","link":"https:\/\/hostnetart.com.br\/baixada\/congresso-vai-refletir-sobre-o-banco-do-brasil-que-o-pais-precisa\/","title":{"rendered":"Congresso vai refletir sobre o Banco do Brasil que o pa\u00eds precisa"},"content":{"rendered":"<div class=\"elementor-element elementor-element-194680ec elementor-widget elementor-widget-theme-post-content\" data-id=\"194680ec\" data-element_type=\"widget\" data-widget_type=\"theme-post-content.default\">\u00a0<\/div>\n<div class=\"elementor-element elementor-element-76b46e1 elementor-widget elementor-widget-post-info\" data-id=\"76b46e1\" data-element_type=\"widget\" data-widget_type=\"post-info.default\">Funcion\u00e1rios do Banco do Brasil realizam seu\u00a0<a href=\"https:\/\/zoom.us\/j\/99048653591\" target=\"_blank\" rel=\"noopener noreferrer\">32\u00ba Congresso Nacional nesta sexta-feira (6)<\/a>\u00a0e no domingo (8). Com debates e vota\u00e7\u00f5es online, as reflex\u00f5es v\u00e3o girar em torno do tema \u201cConstruindo juntos o futuro do Banco do Brasil\u201d. Ser\u00e3o tr\u00eas mesas de debate: \u201cRetrato do Banco do Brasil nos \u00faltimos anos\u201d; \u201cO BB que queremos para o futuro do Brasil\u201d e \u201cDiversidade para construir um banco realmente do Brasil\u201d. Nesta \u00faltima mesa, a discuss\u00e3o abordar\u00e1 a diversidade e a inclus\u00e3o como forma de fazer com que o banco tenha cada vez mais a cara do Brasil.<\/p>\n<p>\u201cA hist\u00f3ria do desenvolvimento de nosso pa\u00eds se confunde com a do Banco do Brasil, a primeira institui\u00e7\u00e3o financeira brasileira. Os investimentos para a infraestrutura, o desenvolvimento industrial, do setor de servi\u00e7os, com\u00e9rcio e agropecu\u00e1rio foram e s\u00e3o feitos pelo Banco do Brasil. Mas, pessoas e setores com interesses escusos menosprezam a import\u00e2ncia do banco para o pa\u00eds\u201d, disse o coordenador da Comiss\u00e3o de Empresa dos Funcion\u00e1rios do Banco do Brasil (CEBB), Jo\u00e3o Fukunaga. \u201cAl\u00e9m disso, desde pelo menos 2016, o banco vem passando por constantes processos de reestrutura\u00e7\u00f5es que, na verdade, acabam com sua estrutura e sua capacidade de fomentar o desenvolvimento da economia e do pa\u00eds como um todo. N\u00e3o \u00e9 este Banco do Brasil desestruturado que o Brasil precisa. N\u00e3o \u00e9 este Banco do Brasil capenga que a gente quer! \u00c9 sobre isso que nosso congresso vai tratar\u201d, completou.<\/p>\n<h3>Convidados<\/h3>\n<p>O fundador e reitor da Universidade Zumbi dos Palmares professor dr. Jos\u00e9 Vicente, que recentemente foi convidado pelo ministro do Supremo Tribunal Federal, Luiz Fux, para integrar o grupo de trabalho sobre Seguran\u00e7a Privada do Conselho Nacional de Justi\u00e7a; a economista e t\u00e9cnica do Departamento Intersindical de Estat\u00edstica e Estudos Socioecon\u00f4micos, N\u00e1dia Vieira de Souza; e o professor e ex-deputado federal, Jean Wyllys, est\u00e3o entre os convidados para compor as mesas e contribuir com os debates.<\/p>\n<p>Jean Moreira Rodrigues, ex-funcion\u00e1rio do BB; D\u00e9bora Fonseca, Conselheira de Administra\u00e7\u00e3o do BB eleita pelos funcion\u00e1rios; Isabela Lemos, funcion\u00e1ria aposentada do BB; e Carlos Augusto Vidotto, ex-funcion\u00e1rio do BB e ex-dirigente do Sindicato dos Banc\u00e1rios e Financi\u00e1rios de S\u00e3o Paulo, Osasco e Regi\u00e3o, tamb\u00e9m far\u00e3o parte das mesas de discuss\u00f5es do congresso, que ser\u00e1 realizado inteiramente no formato eletr\u00f4nico, via videoconfer\u00eancia Zoom. Os delegados inscritos antecipadamente receberam links individuais para completarem sua inscri\u00e7\u00e3o e terem acesso \u00e0 plataforma de participa\u00e7\u00e3o e vota\u00e7\u00e3o. O p\u00fablico em geral poder\u00e1 acompanhar os debates pelos canais da Contraf-CUT no Facebook e YouTube.<\/p>\n<p><strong>Fonte: Contraf-CUT<\/strong><\/p>\n<\/div>\n","protected":false},"excerpt":{"rendered":"<p>\u00a0 Funcion\u00e1rios do Banco do Brasil realizam seu\u00a032\u00ba Congresso Nacional nesta sexta-feira (6)\u00a0e no domingo (8). Com debates e vota\u00e7\u00f5es online, as reflex\u00f5es v\u00e3o girar em torno do tema \u201cConstruindo juntos o futuro do Banco do Brasil\u201d. Ser\u00e3o tr\u00eas mesas de debate: \u201cRetrato do Banco do Brasil nos \u00faltimos anos\u201d; \u201cO BB que queremos para [&hellip;]<\/p>\n","protected":false},"author":2,"featured_media":11296,"comment_status":"","ping_status":"","sticky":false,"template":"","format":"standard","meta":{"footnotes":""},"categories":[3],"tags":[],"class_list":["post-11297","post","type-post","status-publish","format-standard","has-post-thumbnail","hentry","category-noticias"],"_links":{"self":[{"href":"https:\/\/hostnetart.com.br\/baixada\/wp-json\/wp\/v2\/posts\/11297","targetHints":{"allow":["GET"]}}],"collection":[{"href":"https:\/\/hostnetart.com.br\/baixada\/wp-json\/wp\/v2\/posts"}],"about":[{"href":"https:\/\/hostnetart.com.br\/baixada\/wp-json\/wp\/v2\/types\/post"}],"author":[{"embeddable":true,"href":"https:\/\/hostnetart.com.br\/baixada\/wp-json\/wp\/v2\/users\/2"}],"replies":[{"embeddable":true,"href":"https:\/\/hostnetart.com.br\/baixada\/wp-json\/wp\/v2\/comments?post=11297"}],"version-history":[{"count":0,"href":"https:\/\/hostnetart.com.br\/baixada\/wp-json\/wp\/v2\/posts\/11297\/revisions"}],"wp:featuredmedia":[{"embeddable":true,"href":"https:\/\/hostnetart.com.br\/baixada\/wp-json\/wp\/v2\/media\/11296"}],"wp:attachment":[{"href":"https:\/\/hostnetart.com.br\/baixada\/wp-json\/wp\/v2\/media?parent=11297"}],"wp:term":[{"taxonomy":"category","embeddable":true,"href":"https:\/\/hostnetart.com.br\/baixada\/wp-json\/wp\/v2\/categories?post=11297"},{"taxonomy":"post_tag","embeddable":true,"href":"https:\/\/hostnetart.com.br\/baixada\/wp-json\/wp\/v2\/tags?post=11297"}],"curies":[{"name":"wp","href":"https:\/\/api.w.org\/{rel}","templated":true}]}}