{"id":11295,"date":"2021-08-04T19:12:47","date_gmt":"2021-08-04T22:12:47","guid":{"rendered":"https:\/\/hostnetart.com.br\/baixada\/bancarios-do-itau-realizam-encontro-nacional-nesta-quinta-feira-5\/"},"modified":"2021-08-04T19:12:47","modified_gmt":"2021-08-04T22:12:47","slug":"bancarios-do-itau-realizam-encontro-nacional-nesta-quinta-feira-5","status":"publish","type":"post","link":"https:\/\/hostnetart.com.br\/baixada\/bancarios-do-itau-realizam-encontro-nacional-nesta-quinta-feira-5\/","title":{"rendered":"Banc\u00e1rios do Ita\u00fa realizam encontro nacional nesta quinta-feira (5)"},"content":{"rendered":"<p>O Encontro Nacional dos Funcion\u00e1rios do Banco Ita\u00fa-Unibanco acontece nesta quinta-feira (5), por webin\u00e1rio na plataforma Zoom. A partir das 14h, os trabalhadores debater\u00e3o emprego, remunera\u00e7\u00e3o, sa\u00fade, condi\u00e7\u00f5es de trabalho e previd\u00eancia complementar.<\/p>\n<p>\u201cNosso objetivo \u00e9 tirar uma estrat\u00e9gia para negociar com o banco nossa pauta de reivindica\u00e7\u00f5es espec\u00edficas, fruto desse encontro\u201d, afirmou Jair Alves, coordenador da Comiss\u00e3o de Organiza\u00e7\u00e3o dos Empregados (COE) do Ita\u00fa.<\/p>\n<h3>Confira abaixo a programa\u00e7\u00e3o:<\/h3>\n<ul>\n<li>14h \u2013 Abertura e apresenta\u00e7\u00e3o da programa\u00e7\u00e3o<\/li>\n<li>14h10 \u2013 Apresenta\u00e7\u00e3o dos dados do balan\u00e7o do banco Ita\u00fa-Unibanco<\/li>\n<li>14h40 \u2013 Painel 1: Emprego<\/li>\n<li>15h40 \u2013 Painel 2: Remunera\u00e7\u00e3o<\/li>\n<li>16h40 \u2013 Painel 3: Sa\u00fade e Condi\u00e7\u00f5es de Trabalho<\/li>\n<li>17h40 \u2013 Painel 4: Previd\u00eancia Complementar<\/li>\n<li>18h \u2013 Encaminhamentos e encerramento<\/li>\n<\/ul>\n<p><strong>Fonte: Contraf-CUT<\/strong><\/p>\n","protected":false},"excerpt":{"rendered":"<p>O Encontro Nacional dos Funcion\u00e1rios do Banco Ita\u00fa-Unibanco acontece nesta quinta-feira (5), por webin\u00e1rio na plataforma Zoom. A partir das 14h, os trabalhadores debater\u00e3o emprego, remunera\u00e7\u00e3o, sa\u00fade, condi\u00e7\u00f5es de trabalho e previd\u00eancia complementar. \u201cNosso objetivo \u00e9 tirar uma estrat\u00e9gia para negociar com o banco nossa pauta de reivindica\u00e7\u00f5es espec\u00edficas, fruto desse encontro\u201d, afirmou Jair Alves, [&hellip;]<\/p>\n","protected":false},"author":2,"featured_media":11294,"comment_status":"","ping_status":"","sticky":false,"template":"","format":"standard","meta":{"footnotes":""},"categories":[3],"tags":[],"class_list":["post-11295","post","type-post","status-publish","format-standard","has-post-thumbnail","hentry","category-noticias"],"_links":{"self":[{"href":"https:\/\/hostnetart.com.br\/baixada\/wp-json\/wp\/v2\/posts\/11295","targetHints":{"allow":["GET"]}}],"collection":[{"href":"https:\/\/hostnetart.com.br\/baixada\/wp-json\/wp\/v2\/posts"}],"about":[{"href":"https:\/\/hostnetart.com.br\/baixada\/wp-json\/wp\/v2\/types\/post"}],"author":[{"embeddable":true,"href":"https:\/\/hostnetart.com.br\/baixada\/wp-json\/wp\/v2\/users\/2"}],"replies":[{"embeddable":true,"href":"https:\/\/hostnetart.com.br\/baixada\/wp-json\/wp\/v2\/comments?post=11295"}],"version-history":[{"count":0,"href":"https:\/\/hostnetart.com.br\/baixada\/wp-json\/wp\/v2\/posts\/11295\/revisions"}],"wp:featuredmedia":[{"embeddable":true,"href":"https:\/\/hostnetart.com.br\/baixada\/wp-json\/wp\/v2\/media\/11294"}],"wp:attachment":[{"href":"https:\/\/hostnetart.com.br\/baixada\/wp-json\/wp\/v2\/media?parent=11295"}],"wp:term":[{"taxonomy":"category","embeddable":true,"href":"https:\/\/hostnetart.com.br\/baixada\/wp-json\/wp\/v2\/categories?post=11295"},{"taxonomy":"post_tag","embeddable":true,"href":"https:\/\/hostnetart.com.br\/baixada\/wp-json\/wp\/v2\/tags?post=11295"}],"curies":[{"name":"wp","href":"https:\/\/api.w.org\/{rel}","templated":true}]}}