{"id":11293,"date":"2021-08-04T17:46:20","date_gmt":"2021-08-04T20:46:20","guid":{"rendered":"https:\/\/hostnetart.com.br\/baixada\/funcionarios-do-bradesco-e-santander-definem-plano-de-lutas-e-pauta-especifica-de-reivindicacoes\/"},"modified":"2021-08-04T17:46:20","modified_gmt":"2021-08-04T20:46:20","slug":"funcionarios-do-bradesco-e-santander-definem-plano-de-lutas-e-pauta-especifica-de-reivindicacoes","status":"publish","type":"post","link":"https:\/\/hostnetart.com.br\/baixada\/funcionarios-do-bradesco-e-santander-definem-plano-de-lutas-e-pauta-especifica-de-reivindicacoes\/","title":{"rendered":"Funcion\u00e1rios do Bradesco e Santander definem plano de lutas e pauta espec\u00edfica de reivindica\u00e7\u00f5es"},"content":{"rendered":"<p class=\"texto\">Nesta \u00faltima ter\u00e7a-feira, 3 de agosto, funcion\u00e1rias e funcion\u00e1rios dos Bancos Bradesco e Santander, realizaram Encontros Nacionais onde definiram planos de lutas contras ataques dos bancos e formalizaram pauta espec\u00edfica de reivindica\u00e7\u00f5es.<\/p>\n<p class=\"texto\">Confira abaixo o que foi definido nos encontros, banco a banco.<\/p>\n<p><span style=\"text-decoration: underline;\">Santander<\/span><\/p>\n<p class=\"texto\">O Encontro Nacional dos Funcion\u00e1rios do Santander, realizado nesta \u00faltima ter\u00e7a-feira (3) pela Confedera\u00e7\u00e3o Nacional dos Trabalhadores do Ramo Financeiro (Contraf-CUT) e pela Comiss\u00e3o de Organiza\u00e7\u00e3o dos Empregados (COE) do banco, trouxe aos delegados o debate sobre os planos de previd\u00eancia fechados, os ataques que os mesmos v\u00eam sofrendo, tanto da parte dos bancos quanto do governo, e a an\u00e1lise dos resultados do balan\u00e7o do banco e da holding de empresas grupo.<\/p>\n<p>O debate sobre os ataques aos planos de previd\u00eancia continuou com apresenta\u00e7\u00f5es sobre os planos fechados do Santander (Banesprev, Sanprev, SantanderPrevi e Bandeprev).<\/p>\n<p>No per\u00edodo da tarde, a economista Catia Uehara, do Departamento Intersindical de Estat\u00edstica e Estudos Socioecon\u00f4micos (Dieese), apresentou dados sobre o\u00a0<a href=\"https:\/\/contrafcut.com.br\/noticias\/santander-continua-lucrando-no-segundo-trimestre\" target=\"_blank\" rel=\"noopener noreferrer\">balan\u00e7o do banco<\/a>\u00a0e informa\u00e7\u00f5es importantes sobre empresas que fazem parte da\u00a0<em>holding<\/em>\u00a0do Santander.<\/p>\n<p>No segundo trimestre de 2021, o Santander obteve lucro l\u00edquido gerencial de R$ 4,171 bilh\u00f5es, crescimento de 98,4% em rela\u00e7\u00e3o ao obtido no mesmo per\u00edodo do ano passado. O lucro obtido nos primeiros seis meses no Brasil representou 22,5% do lucro global do conglomerado, que foi de \u20ac 4,205 bilh\u00f5es.<\/p>\n<p>Ao final do encontro, os delegados apresentaram propostas de a\u00e7\u00f5es para resistir aos ataques contra os direitos dos trabalhadores e avan\u00e7ar na conquista de novos direitos.<\/p>\n<p class=\"texto\">Claudio Mer\u00e7on (Cacau), membro efetivo da COE Santander, disse que \u201co encontro foi muito importante para esclarecer os pontos em rela\u00e7\u00e3o \u00e0s previd\u00eancias e tra\u00e7ar o plano de lutas para os desafios que teremos daqui pra frente\u201d.<\/p>\n<p>Tanto o plano de lutas, quanto os documentos e apresenta\u00e7\u00f5es feitas durante o encontro ser\u00e3o disponibilizadas aos representantes da COE e das entidades sindicais que fazem parte do Comando Nacional dos Banc\u00e1rios, que se encarregar\u00e3o de fazer o repasse para suas bases.<\/p>\n<p><span style=\"text-decoration: underline;\">Bradesco<\/span><\/p>\n<p>Emprego, sa\u00fade e seguran\u00e7a s\u00e3o os principais pontos da minuta espec\u00edfica de reivindica\u00e7\u00f5es do Encontro Nacional dos Trabalhadores do Bradesco, realizado nesta \u00faltima ter\u00e7a-feira (3), digitalmente. O documento ser\u00e1 encaminhado \u00e0 dire\u00e7\u00e3o do banco.<\/p>\n<p>Os trabalhos do dia come\u00e7aram pela manh\u00e3\u00a0<a href=\"https:\/\/contrafcut.com.br\/noticias\/analise-de-conjuntura-abre-o-encontro-nacional-dos-trabalhadores-do-bradesco\/?swcfpc=1\" target=\"_blank\" rel=\"noopener noreferrer\">com uma an\u00e1lise de conjuntura feita pela presidenta da Confedera\u00e7\u00e3o Nacional dos Trabalhadores do Ramo Financeiro (Contraf-CUT), Juvandia Moreira<\/a>, que \u00e9 uma das coordenadoras do Comando Nacional dos Banc\u00e1rios. \u201cN\u00f3s temos que discutir o Brasil que a gente quer, para pensar numa solu\u00e7\u00e3o para este mundo que est\u00e1 t\u00e3o doente. \u00c9 importante falar do geral, para depois falarmos do espec\u00edfico. Olhando o geral para saber como vamos atuar por banco\u201d, salientou.<\/p>\n<p>Na sequ\u00eancia,\u00a0<a href=\"https:\/\/contrafcut.com.br\/noticias\/saude-do-trabalhador-e-debatida-no-encontro-dos-trabalhadores-do-bradesco\/?swcfpc=1\" target=\"_blank\" rel=\"noopener noreferrer\">o reflexo da pandemia na sa\u00fade do trabalhador entrou em debate.<\/a><\/p>\n<p>A Secret\u00e1ria de Bancos Privados da Fetraf RJ\/ES, Renata Soeiro, relatou que \u201co Encontro foi important\u00edssimo para reunirmos as propostas surgidas nas reuni\u00f5es regionais de todo o pa\u00eds, e elencar prioridades na constru\u00e7\u00e3o da nossa minuta de revindica\u00e7\u00f5es nas mesas especificas\u201d.<\/p>\n<p>O\u00a0coordenador do Coletivo de Seguran\u00e7a Banc\u00e1ria da Confedera\u00e7\u00e3o, Elias Jord\u00e3o, foi o convidado especial da mesa sobre\u00a0<a href=\"https:\/\/contrafcut.com.br\/noticias\/seguranca-bancaria-e-tema-da-terceira-mesa-do-encontro-do-bradesco\/?swcfpc=1\" target=\"_blank\" rel=\"noopener noreferrer\">unidades de neg\u00f3cio e seguran\u00e7a banc\u00e1ria<\/a>. Para ele, \u201co ano de 2022 ser\u00e1 fundamental para a seguran\u00e7a do banc\u00e1rio dentro das ag\u00eancias\u201d.<\/p>\n<p>Gustavo Cavarzan, t\u00e9cnico da subse\u00e7\u00e3o do Dieese da Contraf-CUT, mostrou que\u00a0<a href=\"https:\/\/contrafcut.com.br\/noticias\/demissoes-e-fechamento-de-agencias-explicam-lucro-do-bradesco\/\" target=\"_blank\" rel=\"noopener noreferrer\">o fechamento dos postos de trabalho e o de ag\u00eancias s\u00e3o dois dos principais pontos do lucro do Bradesco nos \u00faltimos meses<\/a>.<\/p>\n<p>O teletrabalho tamb\u00e9m entrou na pauta. Os delegados e as delegadas do encontro nacional debateram a necessidade de negociar com o banco sobre o acordo de teletrabalho, assinado em 2020.<\/p>\n<p><strong>Fonte: Fetraf RJ\/ES<\/strong><\/p>\n","protected":false},"excerpt":{"rendered":"<p>Nesta \u00faltima ter\u00e7a-feira, 3 de agosto, funcion\u00e1rias e funcion\u00e1rios dos Bancos Bradesco e Santander, realizaram Encontros Nacionais onde definiram planos de lutas contras ataques dos bancos e formalizaram pauta espec\u00edfica de reivindica\u00e7\u00f5es. Confira abaixo o que foi definido nos encontros, banco a banco. Santander O Encontro Nacional dos Funcion\u00e1rios do Santander, realizado nesta \u00faltima ter\u00e7a-feira [&hellip;]<\/p>\n","protected":false},"author":2,"featured_media":11292,"comment_status":"","ping_status":"","sticky":false,"template":"","format":"standard","meta":{"footnotes":""},"categories":[3],"tags":[],"class_list":["post-11293","post","type-post","status-publish","format-standard","has-post-thumbnail","hentry","category-noticias"],"_links":{"self":[{"href":"https:\/\/hostnetart.com.br\/baixada\/wp-json\/wp\/v2\/posts\/11293","targetHints":{"allow":["GET"]}}],"collection":[{"href":"https:\/\/hostnetart.com.br\/baixada\/wp-json\/wp\/v2\/posts"}],"about":[{"href":"https:\/\/hostnetart.com.br\/baixada\/wp-json\/wp\/v2\/types\/post"}],"author":[{"embeddable":true,"href":"https:\/\/hostnetart.com.br\/baixada\/wp-json\/wp\/v2\/users\/2"}],"replies":[{"embeddable":true,"href":"https:\/\/hostnetart.com.br\/baixada\/wp-json\/wp\/v2\/comments?post=11293"}],"version-history":[{"count":0,"href":"https:\/\/hostnetart.com.br\/baixada\/wp-json\/wp\/v2\/posts\/11293\/revisions"}],"wp:featuredmedia":[{"embeddable":true,"href":"https:\/\/hostnetart.com.br\/baixada\/wp-json\/wp\/v2\/media\/11292"}],"wp:attachment":[{"href":"https:\/\/hostnetart.com.br\/baixada\/wp-json\/wp\/v2\/media?parent=11293"}],"wp:term":[{"taxonomy":"category","embeddable":true,"href":"https:\/\/hostnetart.com.br\/baixada\/wp-json\/wp\/v2\/categories?post=11293"},{"taxonomy":"post_tag","embeddable":true,"href":"https:\/\/hostnetart.com.br\/baixada\/wp-json\/wp\/v2\/tags?post=11293"}],"curies":[{"name":"wp","href":"https:\/\/api.w.org\/{rel}","templated":true}]}}