{"id":11291,"date":"2021-08-03T14:11:57","date_gmt":"2021-08-03T17:11:57","guid":{"rendered":"https:\/\/hostnetart.com.br\/baixada\/sentenca-contra-o-santander-fortalece-a-luta-sindical-em-todo-o-pais\/"},"modified":"2021-08-03T14:11:57","modified_gmt":"2021-08-03T17:11:57","slug":"sentenca-contra-o-santander-fortalece-a-luta-sindical-em-todo-o-pais","status":"publish","type":"post","link":"https:\/\/hostnetart.com.br\/baixada\/sentenca-contra-o-santander-fortalece-a-luta-sindical-em-todo-o-pais\/","title":{"rendered":"Senten\u00e7a contra o Santander fortalece a luta sindical em todo o pa\u00eds"},"content":{"rendered":"<p>De acordo com a coordenadora da Comiss\u00e3o de Organiza\u00e7\u00e3o dos Empregados do Santander, Lucimara Malaquias, a condena\u00e7\u00e3o milion\u00e1ria imposta ao banco espanhol \u00e9 \u201chist\u00f3rica\u201d e \u201cemblem\u00e1tica\u201d. Ela disse que se trata de um vit\u00f3ria \u201cn\u00e3o apenas para os banc\u00e1rios, como tamb\u00e9m para as demais categorias\u201d. O Santander foi condenado, na semana passada, a pagar<a href=\"https:\/\/www.redebrasilatual.com.br\/trabalho\/2021\/07\/justica-condena-santander-r-50-mi-cortes-pandemia\/\">\u00a0indeniza\u00e7\u00e3o de R$ 50 milh\u00f5es<\/a>\u00a0por pr\u00e1ticas antissindicais e demiss\u00f5es de trabalhadores durante a pandemia. A a\u00e7\u00e3o foi movida pelo Sindicato dos Banc\u00e1rios de S\u00e3o Paulo, Osasco e Regi\u00e3o.<\/p>\n<p>\u201cTodas as categorias, em alguns momentos, sofrem com ataques e pr\u00e1ticas antissindicais. Essa senten\u00e7a pode contribuir muito com a luta sindical em todo o pa\u00eds, em todas as categorias\u201d, afirmou Lucimara, em entrevista a Marilu Caba\u00f1as, para o\u00a0<em><a href=\"https:\/\/www.youtube.com\/watch?v=-ZfxCCcVmeA\">Jornal Brasil Atual<\/a><\/em>, nesta segunda-feira (2).<\/p>\n<p>Foram mais de 3 mil trabalhadores demitidos durante o ano de 2020. Como agravante, os desligamentos ocorreram p\u00f3s o banco ter assumido compromisso p\u00fablico de que n\u00e3o realizaria demiss\u00f5es durante a pandemia. A condena\u00e7\u00e3o tamb\u00e9m se refere a ataques a participantes dos planos Cabesp (sa\u00fade) e Banesprev (segudidade) e persegui\u00e7\u00e3o a dirigentes sindicais.<\/p>\n<p>Pelo menos 40 dirigentes, cipeiros e trabalhadores com estabilidade previdenci\u00e1ria sofreram com redu\u00e7\u00f5es salariais de at\u00e9 55%. \u201cS\u00e3o ataques muito bem orquestrados, com o objetivo de atingir a organiza\u00e7\u00e3o dos trabalhadores no pa\u00eds\u201d, afirmou Lucimara, que tamb\u00e9m \u00e9 dirigente do sindicato.<\/p>\n<p>O valor da indeniza\u00e7\u00e3o \u00e9 equivalente a 1% do lucro l\u00edquido obtido pelo banco no primeiro trimestre do ano passado. Em 2020, os ganhos da institui\u00e7\u00e3o totalizaram\u00a0<a href=\"https:\/\/spbancarios.com.br\/02\/2021\/em-meio-demissoes-em-massa-e-fechamento-de-agencias-santander-lucra-r-13849-bi-em-2020\">R$ 13,8 bilh\u00f5es<\/a>. Para a dirigente, apesar dos \u201clucros astron\u00f4micos\u201d, o Santander n\u00e3o oferece nenhuma \u201ccontrapartida social\u201d ao Brasil.<\/p>\n<h3>Lucros \u00e0s custas da explora\u00e7\u00e3o<\/h3>\n<p>Lucimara destacou que o Santander cobra altas taxas de juros e tarifas, enquanto empurra os clientes para o autoatendimento. Por outro lado, disse que os lucros recordes s\u00e3o obtidos \u00e0s custas dos direitos dos trabalhadores. Al\u00e9m das demiss\u00f5es e das pr\u00e1ticas antissindicais, ela cita o desrespeito \u00e0 jornada de trabalho a que s\u00e3o submetidos os funcion\u00e1rios do banco, levando ao adoecimento. Outro exemplo da superexplora\u00e7\u00e3o foi a convoca\u00e7\u00e3o para que os banc\u00e1rios retornassem ao trabalho presencial, sem que os mesmos estivessem ainda completamente<\/p>\n<p>\u201cEsse lucro \u00e9 constru\u00eddo em cima de uma por\u00e7\u00e3o de direitos que s\u00e3o retirados e desrespeitados a todo momento. Quero mais uma vez destacar que o lucro do Santander onera a sociedade brasileira, quando deveria dar uma contrapartida social para o pa\u00eds, de onde retira a maior parte dos seus lucros. As opera\u00e7\u00f5es no Brasil respondem por 30% do resultado global do Santander, o que n\u00e3o \u00e9 pouca coisa\u201d, destacou a dirigente.<\/p>\n<p>O banco pode recorrer da decis\u00e3o. Ainda assim, Lucimara diz que a senten\u00e7a deve servir para que a institui\u00e7\u00e3o \u201creflita\u201d sobre sua postura. \u201cE que o banco priorize a negocia\u00e7\u00e3o coletiva e o di\u00e1logo social, valorize as pessoas e coloque os funcion\u00e1rios no centro, como prioridade, e n\u00e3o apenas o lucro a qualquer custo.\u201d A condena\u00e7\u00e3o, segundo ela, tamb\u00e9m deve servir de exemplo para que outras institui\u00e7\u00f5es financeiras, e todas as demais empresas evitem incorrer nas mesmas pr\u00e1ticas abusivas.<\/p>\n<p><strong>Fonte: Rede Brasil Atual<\/strong><\/p>\n","protected":false},"excerpt":{"rendered":"<p>De acordo com a coordenadora da Comiss\u00e3o de Organiza\u00e7\u00e3o dos Empregados do Santander, Lucimara Malaquias, a condena\u00e7\u00e3o milion\u00e1ria imposta ao banco espanhol \u00e9 \u201chist\u00f3rica\u201d e \u201cemblem\u00e1tica\u201d. Ela disse que se trata de um vit\u00f3ria \u201cn\u00e3o apenas para os banc\u00e1rios, como tamb\u00e9m para as demais categorias\u201d. O Santander foi condenado, na semana passada, a pagar\u00a0indeniza\u00e7\u00e3o de [&hellip;]<\/p>\n","protected":false},"author":2,"featured_media":11290,"comment_status":"","ping_status":"","sticky":false,"template":"","format":"standard","meta":{"footnotes":""},"categories":[3],"tags":[],"class_list":["post-11291","post","type-post","status-publish","format-standard","has-post-thumbnail","hentry","category-noticias"],"_links":{"self":[{"href":"https:\/\/hostnetart.com.br\/baixada\/wp-json\/wp\/v2\/posts\/11291","targetHints":{"allow":["GET"]}}],"collection":[{"href":"https:\/\/hostnetart.com.br\/baixada\/wp-json\/wp\/v2\/posts"}],"about":[{"href":"https:\/\/hostnetart.com.br\/baixada\/wp-json\/wp\/v2\/types\/post"}],"author":[{"embeddable":true,"href":"https:\/\/hostnetart.com.br\/baixada\/wp-json\/wp\/v2\/users\/2"}],"replies":[{"embeddable":true,"href":"https:\/\/hostnetart.com.br\/baixada\/wp-json\/wp\/v2\/comments?post=11291"}],"version-history":[{"count":0,"href":"https:\/\/hostnetart.com.br\/baixada\/wp-json\/wp\/v2\/posts\/11291\/revisions"}],"wp:featuredmedia":[{"embeddable":true,"href":"https:\/\/hostnetart.com.br\/baixada\/wp-json\/wp\/v2\/media\/11290"}],"wp:attachment":[{"href":"https:\/\/hostnetart.com.br\/baixada\/wp-json\/wp\/v2\/media?parent=11291"}],"wp:term":[{"taxonomy":"category","embeddable":true,"href":"https:\/\/hostnetart.com.br\/baixada\/wp-json\/wp\/v2\/categories?post=11291"},{"taxonomy":"post_tag","embeddable":true,"href":"https:\/\/hostnetart.com.br\/baixada\/wp-json\/wp\/v2\/tags?post=11291"}],"curies":[{"name":"wp","href":"https:\/\/api.w.org\/{rel}","templated":true}]}}