{"id":11289,"date":"2021-08-03T04:29:30","date_gmt":"2021-08-03T07:29:30","guid":{"rendered":"https:\/\/hostnetart.com.br\/baixada\/contraf-cut-lanca-programa-de-combate-a-violencia-domestica-contra-mulher\/"},"modified":"2021-08-03T04:29:30","modified_gmt":"2021-08-03T07:29:30","slug":"contraf-cut-lanca-programa-de-combate-a-violencia-domestica-contra-mulher","status":"publish","type":"post","link":"https:\/\/hostnetart.com.br\/baixada\/contraf-cut-lanca-programa-de-combate-a-violencia-domestica-contra-mulher\/","title":{"rendered":"Contraf-CUT lan\u00e7a programa de combate \u00e0 viol\u00eancia dom\u00e9stica contra mulher"},"content":{"rendered":"<p>Ser\u00e1 no dia 17 de agosto o lan\u00e7amento nacional do projeto Basta! N\u00e3o Ir\u00e3o Nos Calar!, para apoiar na implanta\u00e7\u00e3o de servi\u00e7os e atendimento de banc\u00e1rias v\u00edtimas de viol\u00eancia dom\u00e9stica e familiar, nas federa\u00e7\u00f5es e sindicatos da categoria banc\u00e1ria. O projeto \u00e9 organizado pela Confedera\u00e7\u00e3o Nacional dos Trabalhadores do Ramo Financeiro (Contraf-CUT) para apoiar a cria\u00e7\u00e3o de canais de atendimento especializado, com orienta\u00e7\u00e3o e assist\u00eancia jur\u00eddica, nas entidades.<\/p>\n<p>O lan\u00e7amento do projeto foi discutido nesta quinta-feira (29) pelo Coletivo de Mulheres da Contraf-CUT. \u201cEntre os diferenciais do projeto, est\u00e1 a forma\u00e7\u00e3o das equipes para realizar, de forma adequada, o acolhimento e fortalecimento das mulheres. Teremos um conjunto de canais de atendimento espalhados por todo o pa\u00eds, onde as mulheres poder\u00e3o buscar ajuda para superar a situa\u00e7\u00e3o de viol\u00eancia\u201d, explicou a secret\u00e1ria da Mulher da Contraf-CUT, Elaine Cutis.<\/p>\n<p>O projeto foi lan\u00e7ado inicialmente pelo Sindicato dos Banc\u00e1rios de S\u00e3o Paulo, Osasco e Regi\u00e3o em dezembro de 2019. At\u00e9 este m\u00eas, em S\u00e3o Paulo foram atendidos 154 casos. \u201c\u00c9 importante destacar que foram 154 fam\u00edlias beneficiadas porque a viol\u00eancia dom\u00e9stica atinge n\u00e3o apenas a v\u00edtima, mas tamb\u00e9m seus familiares\u201d, ressaltou a secret\u00e1ria da Mulher da Contraf-CUT.<\/p>\n<p><strong>Federa\u00e7\u00f5es e sindicatos<\/strong><\/p>\n<p>Na reuni\u00e3o de quinta-feira (29) do Coletivo de Mulheres, o projeto foi apresentado pela advogada Phamela Godoy, que coordena a implanta\u00e7\u00e3o do projeto em v\u00e1rios sindicatos. J\u00e1 existem canais implantados nos Sindicatos de S\u00e3o Paulo, Osasco e Regi\u00e3o, Campinas e Regi\u00e3o de Piracicaba, al\u00e9m da implanta\u00e7\u00e3o em curso no Sindicato de Bras\u00edlia. A proposta tamb\u00e9m come\u00e7a a ser debatida em outras entidades da categoria. \u201cA ideia \u00e9 oferecer assessoria t\u00e9cnica para que cada sindicato possa criar esse canal de atendimento \u00e0s mulheres v\u00edtimas de viol\u00eancia familiar. Vamos ajudar os sindicatos a construir esse projeto, desenhando o protocolo de atendimento, o de seguran\u00e7a e oferecendo capacita\u00e7\u00e3o customizada para cada entidade\u201d, explicou a advogada.<\/p>\n<p>A amplia\u00e7\u00e3o em escala nacional do projeto \u00e9 continuidade do trabalho da Contraf-CUT no combate a viol\u00eancia dom\u00e9stica. Em 2019, a entidade come\u00e7ou a negociar com a Federa\u00e7\u00e3o Nacional dos Bancos (Fenaban) em uma mesa de igualdade de oportunidades. A negocia\u00e7\u00e3o resultou, em mar\u00e7o de 2020, do termo aditivo entre Contraf-CUT e Fenaban para incluir o programa de preven\u00e7\u00e3o \u00e0 viol\u00eancia na Conven\u00e7\u00e3o Coletiva. Com isso, os bancos passaram a ter de criar programas de preven\u00e7\u00e3o \u00e0 viol\u00eancia dom\u00e9stica e de atendimento \u00e0s mulheres em situa\u00e7\u00e3o de viol\u00eancia.<\/p>\n<p><strong>Implanta\u00e7\u00e3o<\/strong><\/p>\n<p>O projeto Basta tem cinco fases de implanta\u00e7\u00e3o. A primeira \u00e9 a defini\u00e7\u00e3o do modelo do canal de atendimento no sindicato, de acordo com as caracter\u00edsticas da entidade. Em seguida, ser\u00e1 definido o fluxo de atendimento, protocolos de atendimento e de seguran\u00e7a. A terceira fase \u00e9 a capacita\u00e7\u00e3o da equipe de trabalho. A quarta fase \u00e9 a articula\u00e7\u00e3o com a rede de enfrentamento \u00e0 viol\u00eancia nos munic\u00edpios. Por fim, ser\u00e1 feito o acompanhamento da fase inicial do projeto na entidade, incluindo os primeiros atendimentos.<\/p>\n<p><span style=\"text-decoration: underline;\"><strong>Fonte: Contraf-CUT<\/strong><\/span><\/p>\n","protected":false},"excerpt":{"rendered":"<p>Ser\u00e1 no dia 17 de agosto o lan\u00e7amento nacional do projeto Basta! N\u00e3o Ir\u00e3o Nos Calar!, para apoiar na implanta\u00e7\u00e3o de servi\u00e7os e atendimento de banc\u00e1rias v\u00edtimas de viol\u00eancia dom\u00e9stica e familiar, nas federa\u00e7\u00f5es e sindicatos da categoria banc\u00e1ria. O projeto \u00e9 organizado pela Confedera\u00e7\u00e3o Nacional dos Trabalhadores do Ramo Financeiro (Contraf-CUT) para apoiar a [&hellip;]<\/p>\n","protected":false},"author":2,"featured_media":11288,"comment_status":"","ping_status":"","sticky":false,"template":"","format":"standard","meta":{"footnotes":""},"categories":[3],"tags":[],"class_list":["post-11289","post","type-post","status-publish","format-standard","has-post-thumbnail","hentry","category-noticias"],"_links":{"self":[{"href":"https:\/\/hostnetart.com.br\/baixada\/wp-json\/wp\/v2\/posts\/11289","targetHints":{"allow":["GET"]}}],"collection":[{"href":"https:\/\/hostnetart.com.br\/baixada\/wp-json\/wp\/v2\/posts"}],"about":[{"href":"https:\/\/hostnetart.com.br\/baixada\/wp-json\/wp\/v2\/types\/post"}],"author":[{"embeddable":true,"href":"https:\/\/hostnetart.com.br\/baixada\/wp-json\/wp\/v2\/users\/2"}],"replies":[{"embeddable":true,"href":"https:\/\/hostnetart.com.br\/baixada\/wp-json\/wp\/v2\/comments?post=11289"}],"version-history":[{"count":0,"href":"https:\/\/hostnetart.com.br\/baixada\/wp-json\/wp\/v2\/posts\/11289\/revisions"}],"wp:featuredmedia":[{"embeddable":true,"href":"https:\/\/hostnetart.com.br\/baixada\/wp-json\/wp\/v2\/media\/11288"}],"wp:attachment":[{"href":"https:\/\/hostnetart.com.br\/baixada\/wp-json\/wp\/v2\/media?parent=11289"}],"wp:term":[{"taxonomy":"category","embeddable":true,"href":"https:\/\/hostnetart.com.br\/baixada\/wp-json\/wp\/v2\/categories?post=11289"},{"taxonomy":"post_tag","embeddable":true,"href":"https:\/\/hostnetart.com.br\/baixada\/wp-json\/wp\/v2\/tags?post=11289"}],"curies":[{"name":"wp","href":"https:\/\/api.w.org\/{rel}","templated":true}]}}