{"id":11285,"date":"2021-08-02T21:52:21","date_gmt":"2021-08-03T00:52:21","guid":{"rendered":"https:\/\/hostnetart.com.br\/baixada\/bancarios-do-bradesco-e-santander-realizam-encontros-nacionais-nesta-terca-3-de-agosto\/"},"modified":"2021-08-02T21:52:21","modified_gmt":"2021-08-03T00:52:21","slug":"bancarios-do-bradesco-e-santander-realizam-encontros-nacionais-nesta-terca-3-de-agosto","status":"publish","type":"post","link":"https:\/\/hostnetart.com.br\/baixada\/bancarios-do-bradesco-e-santander-realizam-encontros-nacionais-nesta-terca-3-de-agosto\/","title":{"rendered":"Banc\u00e1rios do Bradesco e Santander realizam Encontros Nacionais nesta ter\u00e7a, 3 de agosto"},"content":{"rendered":"<p>\u00a0<\/p>\n<p>\u00a0<\/p>\n<p>Banc\u00e1rias e banc\u00e1rios dos bancos Bradesco e Santander, ir\u00e3o realizar seus Encontros Nacionais nesta ter\u00e7a-feira, 3 de agosto. Confira a programa\u00e7\u00e3o:<\/p>\n<p>\u00a0<\/p>\n<p><strong>BRADESCO<\/strong><\/p>\n<p>Com o mote \u201cO que queremos do futuro \u00e9 emprego, sa\u00fade e um Brasil melhor\u201d, os banc\u00e1rios do Bradesco realizam, nesta ter\u00e7a-feira (3), seu encontro nacional. A ideia \u00e9 refletir sobre a situa\u00e7\u00e3o a que s\u00e3o submetidos os funcion\u00e1rios do banco neste momento de crise sanit\u00e1ria, com o banco demitindo trabalhadores e fechando ag\u00eancias em plena pandemia.<\/p>\n<p><span style=\"text-decoration: underline;\">Programa\u00e7\u00e3o<\/span><\/p>\n<ul>\n<li><strong>9h\u00a0<\/strong>\u2013 Abertura<\/li>\n<li><strong>9h05\u00a0<\/strong>\u2013 An\u00e1lise de Conjuntura: \u201cO Brasil que queremos\u201d \u2013 Juvandia Moreira, presidenta da Contraf-CUT<\/li>\n<li><strong>9h50<\/strong>\u00a0\u2013 Sa\u00fade do Trabalhador \u2013 Mauro Salles, secret\u00e1rio de Sa\u00fade da Contraf-CUT<\/li>\n<li><strong>10h40<\/strong>\u00a0\u2013 intervalo<\/li>\n<li><strong>11h<\/strong>\u00a0\u2013 Seguran\u00e7a Banc\u00e1ria\/ unidade de Neg\u00f3cio Elias Jord\u00e3o, coordenador do Coletivo de Seguran\u00e7a Banc\u00e1ria da Contraf-CUT<\/li>\n<li><strong>12h<\/strong>\u00a0\u2013 almo\u00e7o<\/li>\n<li><strong>13h30<\/strong>\u00a0\u2013 Balan\u00e7o do banco<\/li>\n<li><strong>14h20<\/strong>\u00a0\u2013 Teletrabalho \u2013 Magaly Fagundes, coordenadora da COE Bradesco<\/li>\n<li><strong>15h<\/strong>\u00a0\u2013 Apresenta\u00e7\u00e3o proposta dos encontros estaduais\/regional<\/li>\n<li><strong>17h<\/strong>\u00a0\u2013 Encerramento<\/li>\n<\/ul>\n<p>\u00a0<\/p>\n<p><strong>SANTANDER<\/strong><\/p>\n<p>Os banc\u00e1rios do banco Santander realizam, nesta ter\u00e7a-feira (3), das 10h \u00e0s 16h, o Encontro Nacional dos funcion\u00e1rios, que trar\u00e1 reflex\u00f5es \u201cContra a precariza\u00e7\u00e3o, em defesa da vida e do emprego\u201d.<\/p>\n<p>Durante o encontro, os funcion\u00e1rios debater\u00e3o sobre os planos de previd\u00eancia complementar e de sa\u00fade dos funcion\u00e1rios e, com base nos resultados do banco e das demais empresas da holding, elaborar\u00e3o um plano de atua\u00e7\u00e3o para lutar contra os ataques promovidos pelo Santander.<\/p>\n<p><span style=\"text-decoration: underline;\">Programa\u00e7\u00e3o<\/span><\/p>\n<ul>\n<li><strong>10h \u00e0s 10h10 \u2013<\/strong>\u00a0Abertura<\/li>\n<li><strong>10h10 \u00e0s 11h \u2013<\/strong>\u00a0An\u00e1lise de conjuntura: Previd\u00eancia Complementar<\/li>\n<li><strong>11h \u00e0s 12h30 \u2013<\/strong>\u00a0Planos de previd\u00eancia do Santander<\/li>\n<li><strong>12h30 \u00e0s 14h \u2013<\/strong>\u00a0Almo\u00e7o<\/li>\n<li><strong>14h \u00e0s 15h \u2013<\/strong>\u00a0Empresas da holding<\/li>\n<li><strong>15h \u00e0s 16h \u2013<\/strong>\u00a0Plano de a\u00e7\u00f5es<\/li>\n<li><strong>16h \u2013<\/strong>\u00a0Encerramento<\/li>\n<\/ul>\n","protected":false},"excerpt":{"rendered":"<p>\u00a0 \u00a0 Banc\u00e1rias e banc\u00e1rios dos bancos Bradesco e Santander, ir\u00e3o realizar seus Encontros Nacionais nesta ter\u00e7a-feira, 3 de agosto. Confira a programa\u00e7\u00e3o: \u00a0 BRADESCO Com o mote \u201cO que queremos do futuro \u00e9 emprego, sa\u00fade e um Brasil melhor\u201d, os banc\u00e1rios do Bradesco realizam, nesta ter\u00e7a-feira (3), seu encontro nacional. A ideia \u00e9 refletir [&hellip;]<\/p>\n","protected":false},"author":2,"featured_media":11284,"comment_status":"","ping_status":"","sticky":false,"template":"","format":"standard","meta":{"footnotes":""},"categories":[3],"tags":[],"class_list":["post-11285","post","type-post","status-publish","format-standard","has-post-thumbnail","hentry","category-noticias"],"_links":{"self":[{"href":"https:\/\/hostnetart.com.br\/baixada\/wp-json\/wp\/v2\/posts\/11285","targetHints":{"allow":["GET"]}}],"collection":[{"href":"https:\/\/hostnetart.com.br\/baixada\/wp-json\/wp\/v2\/posts"}],"about":[{"href":"https:\/\/hostnetart.com.br\/baixada\/wp-json\/wp\/v2\/types\/post"}],"author":[{"embeddable":true,"href":"https:\/\/hostnetart.com.br\/baixada\/wp-json\/wp\/v2\/users\/2"}],"replies":[{"embeddable":true,"href":"https:\/\/hostnetart.com.br\/baixada\/wp-json\/wp\/v2\/comments?post=11285"}],"version-history":[{"count":0,"href":"https:\/\/hostnetart.com.br\/baixada\/wp-json\/wp\/v2\/posts\/11285\/revisions"}],"wp:featuredmedia":[{"embeddable":true,"href":"https:\/\/hostnetart.com.br\/baixada\/wp-json\/wp\/v2\/media\/11284"}],"wp:attachment":[{"href":"https:\/\/hostnetart.com.br\/baixada\/wp-json\/wp\/v2\/media?parent=11285"}],"wp:term":[{"taxonomy":"category","embeddable":true,"href":"https:\/\/hostnetart.com.br\/baixada\/wp-json\/wp\/v2\/categories?post=11285"},{"taxonomy":"post_tag","embeddable":true,"href":"https:\/\/hostnetart.com.br\/baixada\/wp-json\/wp\/v2\/tags?post=11285"}],"curies":[{"name":"wp","href":"https:\/\/api.w.org\/{rel}","templated":true}]}}