{"id":11281,"date":"2021-07-30T18:00:50","date_gmt":"2021-07-30T21:00:50","guid":{"rendered":"https:\/\/hostnetart.com.br\/baixada\/bancario-do-bradesco-e-reintegrado-pelo-sindicato-dos-bancarios-da-baixada-fluminense-3\/"},"modified":"2021-07-30T18:00:50","modified_gmt":"2021-07-30T21:00:50","slug":"bancario-do-bradesco-e-reintegrado-pelo-sindicato-dos-bancarios-da-baixada-fluminense-3","status":"publish","type":"post","link":"https:\/\/hostnetart.com.br\/baixada\/bancario-do-bradesco-e-reintegrado-pelo-sindicato-dos-bancarios-da-baixada-fluminense-3\/","title":{"rendered":"Banc\u00e1rio do Bradesco \u00e9 reintegrado pelo Sindicato dos Banc\u00e1rios da Baixada Fluminense"},"content":{"rendered":"<p>O Sindicato dos Banc\u00e1rios da Baixada Fluminense\u00a0reintegrou mais um banc\u00e1rio do Banco Bradesco.<\/p>\n<p>A reintegra\u00e7\u00e3o ocorreu na ag\u00eancia 2051 (Vilar dos Teles), nesta sexta-feira, dia 30 de julho, atrav\u00e9s de decis\u00e3o da 2a Vara do Trabalho de S\u00e3o Jo\u00e3o de Meriti.<\/p>\n<p>Mar\u00e7al Antonio da Silva teve suas fun\u00e7\u00f5es restitu\u00eddas, reparando mais uma injusti\u00e7a cometida pelos grandes bancos.<\/p>\n<p>Mar\u00e7al tinha mais de 33 anos de servi\u00e7os prestados ao banco e foi demitido em plena pandemia do novo coronav\u00edrus, contrariando um compromisso firmado pelos grandes bancos com a categoria banc\u00e1ria de n\u00e3o demitir durante a pandemia.\u00a0<\/p>\n<p>Ap\u00f3s a demiss\u00e3o, o banc\u00e1rio procurou os Departamentos Jur\u00eddico e de Sa\u00fade do Sindicato dos Banc\u00e1rios da Baixada Fluminense, buscando anular sua dispensa. Ap\u00f3s o contato, e\u00a0acreditando no trabalho do Sindicato, sua dispensa foi anulada. A reintegra\u00e7\u00e3o foi acompanhada pelos diretores do Sindicato, Dialas Coelho e Ricardo S\u00e1.\u00a0<\/p>\n<p>\u00c9 de fundamental import\u00e2ncia que banc\u00e1rias e banc\u00e1rios, logo que sejam informados de suas demiss\u00f5es, procurem atendimento no Sindicato.<\/p>\n<p><span style=\"text-decoration: underline;\">IMPORTANTE<\/span><\/p>\n<p>Em caso de demiss\u00e3o, a orienta\u00e7\u00e3o \u00e9 para que o banc\u00e1rio ou banc\u00e1ria entre em contato imediatamente com o Sindicato.<\/p>\n<p><strong>SINDICALIZE-SE<\/strong><\/p>\n<p>\u00a0<\/p>\n","protected":false},"excerpt":{"rendered":"<p>O Sindicato dos Banc\u00e1rios da Baixada Fluminense\u00a0reintegrou mais um banc\u00e1rio do Banco Bradesco. A reintegra\u00e7\u00e3o ocorreu na ag\u00eancia 2051 (Vilar dos Teles), nesta sexta-feira, dia 30 de julho, atrav\u00e9s de decis\u00e3o da 2a Vara do Trabalho de S\u00e3o Jo\u00e3o de Meriti. Mar\u00e7al Antonio da Silva teve suas fun\u00e7\u00f5es restitu\u00eddas, reparando mais uma injusti\u00e7a cometida pelos [&hellip;]<\/p>\n","protected":false},"author":2,"featured_media":11280,"comment_status":"","ping_status":"","sticky":false,"template":"","format":"standard","meta":{"footnotes":""},"categories":[3],"tags":[],"class_list":["post-11281","post","type-post","status-publish","format-standard","has-post-thumbnail","hentry","category-noticias"],"_links":{"self":[{"href":"https:\/\/hostnetart.com.br\/baixada\/wp-json\/wp\/v2\/posts\/11281","targetHints":{"allow":["GET"]}}],"collection":[{"href":"https:\/\/hostnetart.com.br\/baixada\/wp-json\/wp\/v2\/posts"}],"about":[{"href":"https:\/\/hostnetart.com.br\/baixada\/wp-json\/wp\/v2\/types\/post"}],"author":[{"embeddable":true,"href":"https:\/\/hostnetart.com.br\/baixada\/wp-json\/wp\/v2\/users\/2"}],"replies":[{"embeddable":true,"href":"https:\/\/hostnetart.com.br\/baixada\/wp-json\/wp\/v2\/comments?post=11281"}],"version-history":[{"count":0,"href":"https:\/\/hostnetart.com.br\/baixada\/wp-json\/wp\/v2\/posts\/11281\/revisions"}],"wp:featuredmedia":[{"embeddable":true,"href":"https:\/\/hostnetart.com.br\/baixada\/wp-json\/wp\/v2\/media\/11280"}],"wp:attachment":[{"href":"https:\/\/hostnetart.com.br\/baixada\/wp-json\/wp\/v2\/media?parent=11281"}],"wp:term":[{"taxonomy":"category","embeddable":true,"href":"https:\/\/hostnetart.com.br\/baixada\/wp-json\/wp\/v2\/categories?post=11281"},{"taxonomy":"post_tag","embeddable":true,"href":"https:\/\/hostnetart.com.br\/baixada\/wp-json\/wp\/v2\/tags?post=11281"}],"curies":[{"name":"wp","href":"https:\/\/api.w.org\/{rel}","templated":true}]}}