{"id":11269,"date":"2021-07-29T03:23:41","date_gmt":"2021-07-29T06:23:41","guid":{"rendered":"https:\/\/hostnetart.com.br\/baixada\/32-congresso-nacional-dos-funcionarios-do-bb-acontece-dias-6-e-8-de-agosto\/"},"modified":"2021-07-29T03:23:41","modified_gmt":"2021-07-29T06:23:41","slug":"32-congresso-nacional-dos-funcionarios-do-bb-acontece-dias-6-e-8-de-agosto","status":"publish","type":"post","link":"https:\/\/hostnetart.com.br\/baixada\/32-congresso-nacional-dos-funcionarios-do-bb-acontece-dias-6-e-8-de-agosto\/","title":{"rendered":"32\u00ba Congresso Nacional dos funcion\u00e1rios do BB acontece dias 6 e 8 de agosto"},"content":{"rendered":"<p>Sob o tema \u201cConstruindo Juntos o Futuro do Banco do Brasil\u201d, acontecer\u00e1, nos dias 6 e 8 de agosto, o 32\u00ba Congresso Nacional dos funcion\u00e1rios do Banco do Brasil.<\/p>\n<p>O evento abrigar\u00e1 tr\u00eas mesas de debate para avaliar o \u201cRetrato do Banco do Brasil nos \u00faltimos anos\u201d; \u201cO BB que queremos para o futuro do Brasil\u201d e a \u201cDiversidade para construir um banco realmente do Brasil\u201d. Nesta \u00faltima mesa, discuss\u00e3o abordar\u00e1 a diversidade como forma de resist\u00eancia e democracia, mais inclus\u00e3o para um banco com a cara do Brasil.<\/p>\n<p>Entre os participantes convidados para compor as mesas est\u00e3o o fundador e reitor da Universidade Zumbi dos Palmares professor dr. Jos\u00e9 Vicente, a economista e t\u00e9cnica do Dieese Nadia Vieira de Souza e o professor universit\u00e1rio e pol\u00edtico Jean Wyllys.<\/p>\n<p>Representando os funcion\u00e1rios do BB, tamb\u00e9m palestrar\u00e3o Jean Moreira Rodrigues, ex-funcion\u00e1rio do BB; D\u00e9bora Fonseca, Conselheira de Administra\u00e7\u00e3o do BB eleita pelos funcion\u00e1rios; Isabela Lemos, funcion\u00e1ria aposentada do BB e Carlos Augusto Vidotto, ex-funcion\u00e1rio do BB e ex-dirigente do Sindicato dos Banc\u00e1rios e Financi\u00e1rios de S\u00e3o Paulo, Osasco e Regi\u00e3o.\u00a0<strong><em>Veja a programa\u00e7\u00e3o completa no final deste texto<\/em><\/strong>.<\/p>\n<p>Gra\u00e7as a atua\u00e7\u00e3o dos bancos p\u00fablicos, as crises econ\u00f4micas n\u00e3o foram ainda piores no Brasil. Em 2008, por exemplo, enquanto os bancos privados reduziram a oferta de cr\u00e9dito no pa\u00eds, contribuindo para afundar a economia, os bancos p\u00fablicos, como o BB, por orienta\u00e7\u00e3o do ent\u00e3o governo federal, atuaram aumentando a concentra\u00e7\u00e3o de cr\u00e9dito.<\/p>\n<p>Mais recentemente, por conta da crise provocada pela pandemia da Covid, os bancos privados receberam R$ 1,3 trilh\u00e3o do governo Bolsonaro, sob o argumento de serem protegidos e, assim, n\u00e3o haver a redu\u00e7\u00e3o de cr\u00e9dito \u00e0s empresas. Mas n\u00e3o foi o que aconteceu. Apenas os bancos p\u00fablicos continuaram ofertando cr\u00e9dito.<\/p>\n<p>\u201cEnquanto os bancos privados se concentram nas cidades e regi\u00f5es mais ricas, os bancos p\u00fablicos est\u00e3o presentes em todo o pa\u00eds. Isso contribui para o acesso ao cr\u00e9dito imobili\u00e1rio e para as pequenas e microempresas\u201d, explica o coordenador da Comiss\u00e3o de Empresa dos Funcion\u00e1rios do Banco do Brasil (CEBB), Jo\u00e3o Fukunaga.<\/p>\n<p>\u201cApesar desses fatos, que comprovam a import\u00e2ncia e o papel gerador e distribuidor de riquezas no pa\u00eds, o Banco do Brasil est\u00e1 sob amea\u00e7a do atual governo. A proposta do 32\u00ba Congresso, portanto, \u00e9 refor\u00e7ar a import\u00e2ncia do BB e demais bancos p\u00fablicos\u201d, completa.<\/p>\n<p>Evento ser\u00e1 no formato eletr\u00f4nico, via videoconfer\u00eancia Zoom. Cada federa\u00e7\u00e3o receber\u00e1 um link, com login e senha pr\u00f3prios, para a inscri\u00e7\u00e3o de sua respectiva delega\u00e7\u00e3o ao 32\u00ba CNFBB. Este link ser\u00e1 enviado por e-mail. J\u00e1 o p\u00fablico em geral, poder\u00e1 acompanhar o Congresso nos canais da Contraf-CUT no Facebook e YouTube.<\/p>\n<h3><strong>32\u00ba Congresso Nacional dos Funcion\u00e1rios do Banco do Brasil<br \/>Data: 06 e 08 de agosto de 2021<\/strong><\/h3>\n<p><strong>PROGRAMA\u00c7\u00c3O<\/strong><\/p>\n<p><strong>06 de Agosto | Sexta-feira<\/strong><\/p>\n<p>Abertura solene conjunta dos:<\/p>\n<ul>\n<li>37\u00ba Congresso Nacional dos Empregados da Caixa;<\/li>\n<li>32\u00ba Congresso Nacional dos Funcion\u00e1rios do Banco do Brasil;<\/li>\n<li>27\u00ba Congresso Nacional dos Funcion\u00e1rios do Banco do Nordeste;<\/li>\n<li>13\u00ba Congresso dos Funcion\u00e1rios do Banco da Amaz\u00f4nia e<\/li>\n<li>1\u00ba Congresso Nacional dos Funcion\u00e1rios do BNDES<\/li>\n<\/ul>\n<p><strong>Dia 08 de agosto | Domingo<\/strong><\/p>\n<ul>\n<li><strong>09h \u00e0s 10h<\/strong>\u00a0\u2013 Aprova\u00e7\u00e3o do Regimento Interno do 32\u00ba Congresso Nacional dos Funcion\u00e1rios do Banco do Brasil e falas dos representantes das centrais\/correntes<\/li>\n<li><strong>10h05<\/strong>\u00a0\u2013 Homenagem ao ex-presidente da FEEB SP\/MS, Jeferson Rubens Boava, e a todos (as) os (as) trabalhadores (as) do Banco do Brasil vitimados pela Covid-19<\/li>\n<li><strong>10h15 \u00e0s 11h45<\/strong>\u00a0\u2013 Eixo 1 \u2013 Diversidade para construir um banco realmente do Brasil\n<p>Palestrantes:<\/li>\n<li>Jean Wyllys \u2013 Jornalista, professor universit\u00e1rio e pol\u00edtico<\/li>\n<li>Isabela Lemos \u2013 Funcion\u00e1ria aposentada do BB<\/li>\n<li>Professor Dr. Jos\u00e9 Vicente \u2013 Fundador\/reitor da Universidade Zumbi dos Palmares<\/li>\n<\/ul>\n<p><strong>12h \u00e0s 13h<\/strong>\u00a0\u2013 Intervalo para almo\u00e7o<br \/><strong>13h \u00e0s 14h15<\/strong>\u00a0\u2013 Eixo 2 \u2013 Retrato do Banco do Brasil nos \u00faltimos anos<br \/>Palestrantes:<\/p>\n<ul>\n<li>Jean Moreira Rodrigues \u2013 Ex-funcion\u00e1rio do BB<\/li>\n<li>Nadia Vieira de Souza \u2013 Economista e t\u00e9cnica do Dieese \u2013 Departamento Intersindical e Estat\u00edstica e Estudos Socioecon\u00f4micos \u2013 BSB<\/li>\n<\/ul>\n<p><strong>14h30 \u00e0s 15h45<\/strong>\u00a0\u2013 Eixo 3 \u2013 O BB que queremos para o futuro do Brasil<br \/>Palestrantes:<\/p>\n<ul>\n<li>Carlos Augusto Vidotto \u2013 Ex-funcion\u00e1rio do BB e ex-dirigente do Sindicato dos Banc\u00e1rios e Financi\u00e1rios de S\u00e3o Paulo, Osasco e Regi\u00e3o<\/li>\n<li>Debora Fonseca \u2013 Conselheira de Administra\u00e7\u00e3o do Banco do Brasil eleita pelos funcion\u00e1rios<\/li>\n<\/ul>\n<p><strong>16h \u00e0s 18h<\/strong>\u00a0\u2013 Plen\u00e1rio Final<\/p>\n<p><span style=\"text-decoration: underline;\"><strong>Fonte: Contraf-CUT<\/strong><\/span><\/p>\n","protected":false},"excerpt":{"rendered":"<p>Sob o tema \u201cConstruindo Juntos o Futuro do Banco do Brasil\u201d, acontecer\u00e1, nos dias 6 e 8 de agosto, o 32\u00ba Congresso Nacional dos funcion\u00e1rios do Banco do Brasil. O evento abrigar\u00e1 tr\u00eas mesas de debate para avaliar o \u201cRetrato do Banco do Brasil nos \u00faltimos anos\u201d; \u201cO BB que queremos para o futuro do [&hellip;]<\/p>\n","protected":false},"author":2,"featured_media":11268,"comment_status":"","ping_status":"","sticky":false,"template":"","format":"standard","meta":{"footnotes":""},"categories":[3],"tags":[],"class_list":["post-11269","post","type-post","status-publish","format-standard","has-post-thumbnail","hentry","category-noticias"],"_links":{"self":[{"href":"https:\/\/hostnetart.com.br\/baixada\/wp-json\/wp\/v2\/posts\/11269","targetHints":{"allow":["GET"]}}],"collection":[{"href":"https:\/\/hostnetart.com.br\/baixada\/wp-json\/wp\/v2\/posts"}],"about":[{"href":"https:\/\/hostnetart.com.br\/baixada\/wp-json\/wp\/v2\/types\/post"}],"author":[{"embeddable":true,"href":"https:\/\/hostnetart.com.br\/baixada\/wp-json\/wp\/v2\/users\/2"}],"replies":[{"embeddable":true,"href":"https:\/\/hostnetart.com.br\/baixada\/wp-json\/wp\/v2\/comments?post=11269"}],"version-history":[{"count":0,"href":"https:\/\/hostnetart.com.br\/baixada\/wp-json\/wp\/v2\/posts\/11269\/revisions"}],"wp:featuredmedia":[{"embeddable":true,"href":"https:\/\/hostnetart.com.br\/baixada\/wp-json\/wp\/v2\/media\/11268"}],"wp:attachment":[{"href":"https:\/\/hostnetart.com.br\/baixada\/wp-json\/wp\/v2\/media?parent=11269"}],"wp:term":[{"taxonomy":"category","embeddable":true,"href":"https:\/\/hostnetart.com.br\/baixada\/wp-json\/wp\/v2\/categories?post=11269"},{"taxonomy":"post_tag","embeddable":true,"href":"https:\/\/hostnetart.com.br\/baixada\/wp-json\/wp\/v2\/tags?post=11269"}],"curies":[{"name":"wp","href":"https:\/\/api.w.org\/{rel}","templated":true}]}}