{"id":11267,"date":"2021-07-28T23:36:54","date_gmt":"2021-07-29T02:36:54","guid":{"rendered":"https:\/\/hostnetart.com.br\/baixada\/sergio-rial-deixa-presidencia-do-santander-brasil-e-assume-conselho-de-administracao\/"},"modified":"2021-07-28T23:36:54","modified_gmt":"2021-07-29T02:36:54","slug":"sergio-rial-deixa-presidencia-do-santander-brasil-e-assume-conselho-de-administracao","status":"publish","type":"post","link":"https:\/\/hostnetart.com.br\/baixada\/sergio-rial-deixa-presidencia-do-santander-brasil-e-assume-conselho-de-administracao\/","title":{"rendered":"S\u00e9rgio Rial deixa presid\u00eancia do Santander Brasil e assume conselho de administra\u00e7\u00e3o"},"content":{"rendered":"<p>O CEO do<strong>\u00a0Santander<\/strong>, S\u00e9rgio Rial, vai deixar o cargo em 31 de dezembro deste ano. O executivo assume em janeiro a presid\u00eancia do conselho de administra\u00e7\u00e3o da empresa, disse a companhia nesta ter\u00e7a-feira (27).<\/p>\n<p>Rial permanece\u00a0<a href=\"https:\/\/www.seudinheiro.com\/2020\/empresas\/brasileiro-sergio-rial-e-indicado-para-o-conselho-da-matriz-do-santander\/\">no conselho do grupo Santander na Espanha<\/a>. No Brasil, o novo CEO do banco ser\u00e1 o atual vice-presidente da \u00e1rea de empresas, Mario Roberto Opice Le\u00e3o.<\/p>\n<p>O executivo \u00e9 graduado pela Escola Polit\u00e9cnica de S\u00e3o Paulo e tem longa carreira no setor financeiro: passou por Citibank, Goldman Sachs e Morgan Stanley e \u00e9 membro do comit\u00ea executivo do Santander h\u00e1 quatro anos.<\/p>\n<p>Le\u00e3o ser\u00e1 indicado para uma vaga no conselho de administra\u00e7\u00e3o da companhia.<\/p>\n<p>Para o Santander, a troca de CEOs consolida o trabalho de transforma\u00e7\u00e3o do banco, que chegou ao melhor n\u00edvel de rentabilidade e de efici\u00eancia do sistema financeiro brasileiro, de acordo com a pr\u00f3pria companhia.<\/p>\n<p>&#8220;Conjuntamente com o Sr. S\u00e9rgio Rial, o Sr. \u00c1lvaro de Souza presidiu a maior transforma\u00e7\u00e3o de uma grande plataforma financeira ao longo dos \u00faltimos seis anos&#8221;, disse o Santander em comunicado.<\/p>\n<p>Souza \u00e9 o atual presidente do conselho de administra\u00e7\u00e3o do Santander Brasil. Com a chegada de Rial ao posto, o executivo segue apenas como membro do conselho do grupo Santander na Espanha.<strong><img decoding=\"async\" class=\"i-amphtml-fill-content i-amphtml-replaced-content\" src=\"https:\/\/media.seudinheiro.com\/uploads\/2021\/07\/Mockup-Mat%C3%A9ria-eBook.jpg\" sizes=\"(max-width: 1200px) 100vw, 1200px\" srcset=\"https:\/\/media.seudinheiro.com\/uploads\/2021\/07\/Mockup-Mat\u00e9ria-eBook.jpg 1200w, https:\/\/media.seudinheiro.com\/uploads\/2021\/07\/Mockup-Mat\u00e9ria-eBook-628x353.jpg 628w, https:\/\/media.seudinheiro.com\/uploads\/2021\/07\/Mockup-Mat\u00e9ria-eBook-260x146.jpg 260w\" alt=\"\" \/><\/strong><\/p>\n<div class=\"wp-block-media-text alignwide\">\n<div class=\"wp-block-media-text__content\">\n<p><span style=\"text-decoration: underline;\">Na Am\u00e9rica do Sul, Santander faz mais mudan\u00e7as<\/span><\/p>\n<\/div>\n<\/div>\n<p>Na posi\u00e7\u00e3o da lideran\u00e7a regional para a Am\u00e9rica do Sul, Rial ser\u00e1 substitu\u00eddo por Carlos Rey de Vicente, atual vice-presidente de Finan\u00e7as e tamb\u00e9m integrante do comit\u00ea executivo do Santander.<\/p>\n<p>&#8220;Tendo trabalhado anteriormente na Divis\u00e3o Am\u00e9rica do pr\u00f3prio Santander, \u00e9 um grande conhecedor da regi\u00e3o e do pr\u00f3prio mercado brasileiro, onde j\u00e1 trabalha h\u00e1 mais de sete anos&#8221;, disse o banco.<\/p>\n<p>Para o conselho de administra\u00e7\u00e3o da companhia, ser\u00e3o ainda indicados o atual vice-presidente &amp; CFO do banco, Angel Santodomingo e Alberto Monteiro, atual vice-presidente de Wealth Management, ambos membros do Comit\u00ea Executivo do Santander.<\/p>\n<p>Suas posi\u00e7\u00f5es executivas dentro do Comit\u00ea Executivo permanecem inalteradas. A partir de janeiro, o Comit\u00ea Executivo do Santander ser\u00e1 composto por 12 profissionais, dentre os quais quatro executivas:<\/p>\n<ul>\n<li>Vanessa Lobato, que passa a liderar toda a \u00e1rea de varejo do banco;<\/li>\n<li>Andrea Almeida, que sucede ao Carlos Rey, na vice-presid\u00eancia de finan\u00e7as;<\/li>\n<li>Elita Vechin, que passa a liderar a \u00e1rea de capital humano do banco;<\/li>\n<li>Patr\u00edcia Audi, que permanece focada na \u00e1rea institucional, de sustentabilidade e eventos da organiza\u00e7\u00e3o;<\/li>\n<\/ul>\n<p>O executivo Jo\u00e3o de Biase suceder\u00e1 Mario Le\u00e3o na lideran\u00e7a do neg\u00f3cio de empresas, somando-se ao Comit\u00ea Executivo, no qual permanecem os Angel Santodomingo, Alberto Monteiro, Alessandro Tomao, Antonio Pardo, Ede Viani, Jean Pierre Dupui e Mario Le\u00e3o, como novo CEO.<\/p>\n<p>Todas as movimenta\u00e7\u00f5es passam pelo processo regular de aprova\u00e7\u00f5es e homologa\u00e7\u00f5es regulat\u00f3rias.<\/p>\n<p><strong>Fonte: Seu Dinheiro<\/strong><\/p>\n<div class=\"wp-block-media-text alignwide\">\u00a0<\/div>\n","protected":false},"excerpt":{"rendered":"<p>O CEO do\u00a0Santander, S\u00e9rgio Rial, vai deixar o cargo em 31 de dezembro deste ano. O executivo assume em janeiro a presid\u00eancia do conselho de administra\u00e7\u00e3o da empresa, disse a companhia nesta ter\u00e7a-feira (27). Rial permanece\u00a0no conselho do grupo Santander na Espanha. No Brasil, o novo CEO do banco ser\u00e1 o atual vice-presidente da \u00e1rea [&hellip;]<\/p>\n","protected":false},"author":2,"featured_media":11266,"comment_status":"","ping_status":"","sticky":false,"template":"","format":"standard","meta":{"footnotes":""},"categories":[3],"tags":[],"class_list":["post-11267","post","type-post","status-publish","format-standard","has-post-thumbnail","hentry","category-noticias"],"_links":{"self":[{"href":"https:\/\/hostnetart.com.br\/baixada\/wp-json\/wp\/v2\/posts\/11267","targetHints":{"allow":["GET"]}}],"collection":[{"href":"https:\/\/hostnetart.com.br\/baixada\/wp-json\/wp\/v2\/posts"}],"about":[{"href":"https:\/\/hostnetart.com.br\/baixada\/wp-json\/wp\/v2\/types\/post"}],"author":[{"embeddable":true,"href":"https:\/\/hostnetart.com.br\/baixada\/wp-json\/wp\/v2\/users\/2"}],"replies":[{"embeddable":true,"href":"https:\/\/hostnetart.com.br\/baixada\/wp-json\/wp\/v2\/comments?post=11267"}],"version-history":[{"count":0,"href":"https:\/\/hostnetart.com.br\/baixada\/wp-json\/wp\/v2\/posts\/11267\/revisions"}],"wp:featuredmedia":[{"embeddable":true,"href":"https:\/\/hostnetart.com.br\/baixada\/wp-json\/wp\/v2\/media\/11266"}],"wp:attachment":[{"href":"https:\/\/hostnetart.com.br\/baixada\/wp-json\/wp\/v2\/media?parent=11267"}],"wp:term":[{"taxonomy":"category","embeddable":true,"href":"https:\/\/hostnetart.com.br\/baixada\/wp-json\/wp\/v2\/categories?post=11267"},{"taxonomy":"post_tag","embeddable":true,"href":"https:\/\/hostnetart.com.br\/baixada\/wp-json\/wp\/v2\/tags?post=11267"}],"curies":[{"name":"wp","href":"https:\/\/api.w.org\/{rel}","templated":true}]}}