{"id":11265,"date":"2021-07-28T23:31:27","date_gmt":"2021-07-29T02:31:27","guid":{"rendered":"https:\/\/hostnetart.com.br\/baixada\/concurso-banco-do-brasil-inscricoes-para-4-480-vagas-sao-prorrogadas\/"},"modified":"2021-07-28T23:31:27","modified_gmt":"2021-07-29T02:31:27","slug":"concurso-banco-do-brasil-inscricoes-para-4-480-vagas-sao-prorrogadas","status":"publish","type":"post","link":"https:\/\/hostnetart.com.br\/baixada\/concurso-banco-do-brasil-inscricoes-para-4-480-vagas-sao-prorrogadas\/","title":{"rendered":"Concurso Banco do Brasil: inscri\u00e7\u00f5es para 4.480 vagas s\u00e3o prorrogadas"},"content":{"rendered":"<div class=\"mc-column content-text active-extra-styles \" data-block-type=\"unstyled\" data-block-weight=\"62\" data-block-id=\"2\">\n<p class=\"content-text__container \" data-track-category=\"Link no Texto\" data-track-links=\"\">O\u00a0<a href=\"https:\/\/g1.globo.com\/tudo-sobre\/banco-do-brasil\/\">Banco do Brasil\u00a0<\/a>prorrogou as inscri\u00e7\u00f5es do concurso p\u00fablico para o total de 4.480 vagas at\u00e9 o dia 7 de agosto. S\u00e3o 2.240 imediatas e 2.240 para forma\u00e7\u00e3o de cadastro de reserva, para todos os estados e o Distrito Federal. A sele\u00e7\u00e3o \u00e9 para o cargo de escritur\u00e1rio, com os nomes de relacionamento de agente comercial e agente de tecnologia.<\/p>\n<\/div>\n<div class=\"wall protected-content\">\n<div class=\"mc-column content-text active-extra-styles \" data-block-type=\"unstyled\" data-block-weight=\"28\" data-block-id=\"3\">\n<p class=\"content-text__container \" data-track-category=\"Link no Texto\" data-track-links=\"\">As inscri\u00e7\u00f5es, previstas para encerrar nesta quarta, agora podem ser feitas pelo\u00a0<a href=\"https:\/\/www.cesgranrio.org.br\/concursos\/evento.aspx?id=bb0121\" target=\"_blank\" rel=\"noopener noreferrer\">site da Cesgranrio<\/a>\u00a0at\u00e9 as 23h59 de 7 de agosto, e t\u00eam valor de R$ 38,00.<\/p>\n<\/div>\n<div class=\"mc-column content-text active-extra-styles \" data-block-type=\"unstyled\" data-block-weight=\"7\" data-block-id=\"4\">\n<p class=\"content-text__container \" data-track-category=\"Link no Texto\" data-track-links=\"\">A divis\u00e3o das vagas \u00e9 a seguinte:<\/p>\n<\/div>\n<div class=\"mc-column content-text active-extra-styles\" data-block-type=\"raw\" data-block-weight=\"55\" data-block-id=\"5\">\n<ul class=\"content-unordered-list\">\n<li><strong>2 mil vagas<\/strong>\u00a0para\u00a0<strong>Escritur\u00e1rio &#8211; Agente Comercial<\/strong>,\u00a0<strong>mais 2 mil de cadastro reserva<\/strong>, para atua\u00e7\u00e3o nas unidades de neg\u00f3cios em todos os estados e no Distrito Federal;<\/li>\n<li><strong>240 vagas\u00a0<\/strong>de\u00a0<strong>Escritur\u00e1rio &#8211; Agente de Tecnologia<\/strong>, e\u00a0<strong>outras 240 para cadastro de reserva<\/strong>, com foco em Conhecimentos de TI, para vagas somente no Distrito Federal.<\/li>\n<\/ul>\n<\/div>\n<div class=\"mc-column content-text active-extra-styles \" data-block-type=\"unstyled\" data-block-weight=\"7\" data-block-id=\"6\">\n<p class=\"content-text__container \" data-track-category=\"Link no Texto\" data-track-links=\"\"><a href=\"https:\/\/www.cesgranrio.org.br\/concursos\/evento.aspx?id=bb0121\" target=\"_blank\" rel=\"noopener noreferrer\"><strong>VEJA O EDITAL NO SITE DA CESGRANRIO<\/strong><\/a><\/p>\n<\/div>\n<div class=\"bs-video-block mc-column  content-media content-video\" data-block-type=\"backstage-video\" data-block-id=\"9\">\n<div class=\"content-media__container\">\n<div class=\"content-video__bigger-player-description-fixer\">\n<article class=\"content-video\">\n<section class=\"content-video__video-container\">\n<div class=\"content-video__video\">\n<div id=\"wp3-player-2\" class=\"clappr-player\" tabindex=\"9999\" data-player=\"\">\n<div class=\"media-control media-control-hide\">\n<div class=\"media-control-panel\">\n<div class=\"media-control-panel__upper\">O cargo de escritur\u00e1rio possui nomenclaturas espec\u00edficas para uso no relacionamento com o mercado, que variam de acordo com a unidade em que o funcion\u00e1rio est\u00e1 lotado. Para este concurso, os candidatos podem concorrer para agente comercial, que trabalha na rede de ag\u00eancias do BB, em todo o pa\u00eds, ou para agente de tecnologia, que assume na \u00e1rea de Tecnologia, em Bras\u00edlia.<\/div>\n<\/div>\n<\/div>\n<\/div>\n<\/div>\n<\/section>\n<\/article>\n<\/div>\n<\/div>\n<\/div>\n<div class=\"mc-column content-text active-extra-styles \" data-block-type=\"unstyled\" data-block-weight=\"31\" data-block-id=\"13\">\n<p class=\"content-text__container \" data-track-category=\"Link no Texto\" data-track-links=\"\">Para participar da sele\u00e7\u00e3o, \u00e9 preciso ter certificado de conclus\u00e3o ou diploma de curso de n\u00edvel m\u00e9dio, e idade m\u00ednima de 18 anos completos, at\u00e9 a data da contrata\u00e7\u00e3o.<\/p>\n<\/div>\n<div class=\"mc-column content-text active-extra-styles \" data-block-type=\"unstyled\" data-block-weight=\"36\" data-block-id=\"14\">\n<p class=\"content-text__container \" data-track-category=\"Link no Texto\" data-track-links=\"\">A remunera\u00e7\u00e3o inicial \u00e9 de R$ 3.022,37, para jornada de 30 horas semanais. O banco oferece ainda ajuda alimenta\u00e7\u00e3o\/refei\u00e7\u00e3o de R$ 831,16 por m\u00eas e, cumulativamente, concede cesta alimenta\u00e7\u00e3o no valor mensal de R$ 654,87.<\/p>\n<\/div>\n<div class=\"mc-column content-text active-extra-styles \" data-block-type=\"unstyled\" data-block-weight=\"36\" data-block-id=\"15\">\n<p class=\"content-text__container \" data-track-category=\"Link no Texto\" data-track-links=\"\">H\u00e1 possibilidade de ascens\u00e3o e desenvolvimento profissional; participa\u00e7\u00e3o nos lucros ou resultados; vale-transporte; aux\u00edlio-creche; aux\u00edlio a filho com defici\u00eancia e previd\u00eancia complementar. Os funcion\u00e1rios do BB possuem ainda acesso \u00e0 Universidade Corporativa Banco do Brasil (UniBB).<\/p>\n<\/div>\n<div class=\"mc-column content-text active-extra-styles \" data-block-type=\"unstyled\" data-block-weight=\"21\" data-block-id=\"16\">\n<p class=\"content-text__container \" data-track-category=\"Link no Texto\" data-track-links=\"\">Do total, 5% das vagas s\u00e3o reservados para pessoas com defici\u00eancia e 20% para candidatos que se autodeclararem pretos ou pardos.<\/p>\n<\/div>\n<div class=\"mc-column content-text active-extra-styles \" data-block-type=\"unstyled\" data-block-weight=\"22\" data-block-id=\"17\">\n<p class=\"content-text__container \" data-track-category=\"Link no Texto\" data-track-links=\"\">O concurso ter\u00e1 provas objetivas e reda\u00e7\u00e3o, previstas para o dia 26 de setembro, e seguir\u00e1 os protocolos de preven\u00e7\u00e3o \u00e0 Covid-19.<\/p>\n<\/div>\n<div class=\"mc-column content-text active-extra-styles \" data-block-type=\"unstyled\" data-block-weight=\"32\" data-block-id=\"18\">\n<p class=\"content-text__container \" data-track-category=\"Link no Texto\" data-track-links=\"\">As provas objetivas ter\u00e3o quest\u00f5es de Conhecimentos B\u00e1sicos (25 quest\u00f5es): L\u00edngua Portuguesa, L\u00edngua Inglesa, Matem\u00e1tica e Atualidades do Mercado Financeiro; e Conhecimentos Espec\u00edficos (45 quest\u00f5es), de acordo com a vaga pretendida:<\/p>\n<\/div>\n<div class=\"mc-column content-text active-extra-styles \" data-block-type=\"unstyled\" data-block-weight=\"3\" data-block-id=\"19\">\n<p class=\"content-text__container \" data-track-category=\"Link no Texto\" data-track-links=\"\"><strong>Agente de Tecnologia:<\/strong><\/p>\n<\/div>\n<div class=\"mc-column content-text active-extra-styles\" data-block-type=\"raw\" data-block-weight=\"9\" data-block-id=\"20\">\n<ul class=\"content-unordered-list\">\n<li>Probabilidade e Estat\u00edstica, Conhecimentos Banc\u00e1rios e Tecnologia da Informa\u00e7\u00e3o.<\/li>\n<\/ul>\n<\/div>\n<div class=\"mc-column content-text active-extra-styles \" data-block-type=\"unstyled\" data-block-weight=\"2\" data-block-id=\"21\">\n<p class=\"content-text__container \" data-track-category=\"Link no Texto\" data-track-links=\"\"><strong>Agente Comercial<\/strong><\/p>\n<\/div>\n<div class=\"mc-column content-text active-extra-styles\" data-block-type=\"raw\" data-block-weight=\"11\" data-block-id=\"22\">\n<ul class=\"content-unordered-list\">\n<li>Matem\u00e1tica Financeira, Conhecimentos Banc\u00e1rios, Negocia\u00e7\u00e3o e Vendas e Conhecimentos de Inform\u00e1tica.<\/li>\n<\/ul>\n<\/div>\n<div class=\"mc-column content-text active-extra-styles \" data-block-type=\"unstyled\" data-block-weight=\"31\" data-block-id=\"23\">\n<p class=\"content-text__container \" data-track-category=\"Link no Texto\" data-track-links=\"\">Ser\u00e3o ofertadas vagas em depend\u00eancias situadas em todos os estados e no Distrito Federal.\u00a0<strong>No momento da inscri\u00e7\u00e3o, o candidato dever\u00e1 escolher a UF\/Macrorregi\u00e3o\/Microrregi\u00e3o e a cidade de realiza\u00e7\u00e3o das provas.<\/strong><\/p>\n<\/div>\n<div class=\"content-ads content-ads--reveal\" data-block-type=\"ads\" data-block-id=\"24\">Ou seja, ao optar por concorrer \u00e0 determinada UF\/Macrorregi\u00e3o\/Microrregi\u00e3o, o candidato estar\u00e1 automaticamente vinculado a ela para fins de realiza\u00e7\u00e3o de provas, de classifica\u00e7\u00e3o e de contrata\u00e7\u00e3o.<\/div>\n<div class=\"mc-column content-text active-extra-styles \" data-block-type=\"unstyled\" data-block-weight=\"42\" data-block-id=\"26\">\n<p class=\"content-text__container \" data-track-category=\"Link no Texto\" data-track-links=\"\">A sele\u00e7\u00e3o tem validade de um ano, a contar da data de publica\u00e7\u00e3o do edital de homologa\u00e7\u00e3o dos resultados finais, podendo ser prorrogada, uma \u00fanica vez, por igual per\u00edodo. Ou seja, \u00e9 nesse per\u00edodo que o banco pode chamar os candidatos aprovados.<\/p>\n<\/div>\n<div class=\"mc-column content-text active-extra-styles \" data-block-type=\"unstyled\" data-block-weight=\"23\" data-block-id=\"27\">\n<p class=\"content-text__container \" data-track-category=\"Link no Texto\" data-track-links=\"\"><strong>No caso das dentro do cadastro de reserva, os candidatos aprovados s\u00e3o chamados conforme a abertura de vagas durante a validade do concurso.<\/strong><\/p>\n<\/div>\n<div class=\"mc-column content-text active-extra-styles\" data-block-type=\"raw\" data-block-weight=\"6\" data-block-id=\"28\">\n<div class=\"content-intertitle\">\n<h2><span style=\"text-decoration: underline;\">Concurso ocorre ap\u00f3s banco lan\u00e7ar PDVs<\/span><\/h2>\n<\/div>\n<\/div>\n<div class=\"mc-column content-text active-extra-styles \" data-block-type=\"unstyled\" data-block-weight=\"31\" data-block-id=\"29\">\n<p class=\"content-text__container \" data-track-category=\"Link no Texto\" data-track-links=\"\">O concurso \u00e9 lan\u00e7ado ap\u00f3s o Banco do Brasil\u00a0<a href=\"https:\/\/g1.globo.com\/economia\/noticia\/2021\/01\/11\/bb-anuncia-pdv-para-5-mil-funcionarios.ghtml\">anunciar em janeiro a abertura de dois Programas de Demiss\u00e3o Volunt\u00e1ria com a previs\u00e3o de ades\u00e3o de cerca de 5 mil funcion\u00e1rios<\/a>.<\/p>\n<\/div>\n<div class=\"mc-column content-text active-extra-styles \" data-block-type=\"unstyled\" data-block-weight=\"20\" data-block-id=\"30\">\n<p class=\"content-text__container \" data-track-category=\"Link no Texto\" data-track-links=\"\">Em fevereiro, o BB informou que\u00a0<a href=\"https:\/\/g1.globo.com\/economia\/noticia\/2021\/02\/08\/banco-do-brasil-registra-mais-de-55-mil-adesoes-ao-programa-de-demissao-voluntaria.ghtml\">haviam sido validadas 5.533 ades\u00f5es<\/a>\u00a0aos dois programas de desligamentos volunt\u00e1rios anunciados em janeiro.<\/p>\n<\/div>\n<div class=\"mc-column content-text active-extra-styles \" data-block-type=\"unstyled\" data-block-weight=\"17\" data-block-id=\"31\">\n<p class=\"content-text__container \" data-track-category=\"Link no Texto\" data-track-links=\"\">Em julho de 2019, o banco anunciou outro plano de desligamento incentivado.\u00a0<a href=\"https:\/\/g1.globo.com\/economia\/noticia\/2019\/08\/20\/plano-de-desligamento-incentivado-do-banco-do-brasil-tem-adesao-de-2367-funcionarios.ghtml\">Aderiram ao PDV 2.367 funcion\u00e1rios.<\/a><\/p>\n<ul class=\"content-unordered-list\">\n<li><a href=\"https:\/\/g1.globo.com\/economia\/concursos-e-emprego\/noticia\/2021\/06\/24\/concurso-do-banco-do-brasil-confira-quantas-vagas-abriram-no-seu-estado.ghtml\"><strong>Confira quantas vagas abriram no seu estado<\/strong><\/a><\/li>\n<li><a href=\"https:\/\/g1.globo.com\/economia\/concursos-e-emprego\/noticia\/2021\/06\/24\/concurso-do-banco-do-brasil-veja-locais-das-vagas-e-das-provas.ghtml\"><strong>Veja locais das vagas e das provas<\/strong><\/a><\/li>\n<li><a href=\"https:\/\/g1.globo.com\/economia\/concursos-e-emprego\/noticia\/2021\/06\/29\/concurso-do-banco-do-brasil-veja-dicas-de-estudo-para-as-provas.ghtml\"><strong>Veja dicas de estudo para as provas<\/strong><\/a>\u00a0<\/li>\n<\/ul>\n<p><strong>Fonte: G1<\/strong><\/p>\n<\/div>\n<\/div>\n","protected":false},"excerpt":{"rendered":"<p>O\u00a0Banco do Brasil\u00a0prorrogou as inscri\u00e7\u00f5es do concurso p\u00fablico para o total de 4.480 vagas at\u00e9 o dia 7 de agosto. S\u00e3o 2.240 imediatas e 2.240 para forma\u00e7\u00e3o de cadastro de reserva, para todos os estados e o Distrito Federal. A sele\u00e7\u00e3o \u00e9 para o cargo de escritur\u00e1rio, com os nomes de relacionamento de agente comercial [&hellip;]<\/p>\n","protected":false},"author":2,"featured_media":11264,"comment_status":"","ping_status":"","sticky":false,"template":"","format":"standard","meta":{"footnotes":""},"categories":[3],"tags":[],"class_list":["post-11265","post","type-post","status-publish","format-standard","has-post-thumbnail","hentry","category-noticias"],"_links":{"self":[{"href":"https:\/\/hostnetart.com.br\/baixada\/wp-json\/wp\/v2\/posts\/11265","targetHints":{"allow":["GET"]}}],"collection":[{"href":"https:\/\/hostnetart.com.br\/baixada\/wp-json\/wp\/v2\/posts"}],"about":[{"href":"https:\/\/hostnetart.com.br\/baixada\/wp-json\/wp\/v2\/types\/post"}],"author":[{"embeddable":true,"href":"https:\/\/hostnetart.com.br\/baixada\/wp-json\/wp\/v2\/users\/2"}],"replies":[{"embeddable":true,"href":"https:\/\/hostnetart.com.br\/baixada\/wp-json\/wp\/v2\/comments?post=11265"}],"version-history":[{"count":0,"href":"https:\/\/hostnetart.com.br\/baixada\/wp-json\/wp\/v2\/posts\/11265\/revisions"}],"wp:featuredmedia":[{"embeddable":true,"href":"https:\/\/hostnetart.com.br\/baixada\/wp-json\/wp\/v2\/media\/11264"}],"wp:attachment":[{"href":"https:\/\/hostnetart.com.br\/baixada\/wp-json\/wp\/v2\/media?parent=11265"}],"wp:term":[{"taxonomy":"category","embeddable":true,"href":"https:\/\/hostnetart.com.br\/baixada\/wp-json\/wp\/v2\/categories?post=11265"},{"taxonomy":"post_tag","embeddable":true,"href":"https:\/\/hostnetart.com.br\/baixada\/wp-json\/wp\/v2\/tags?post=11265"}],"curies":[{"name":"wp","href":"https:\/\/api.w.org\/{rel}","templated":true}]}}