{"id":11263,"date":"2021-07-28T22:47:15","date_gmt":"2021-07-29T01:47:15","guid":{"rendered":"https:\/\/hostnetart.com.br\/baixada\/comando-nacional-dos-bancarios-debate-encontros-por-bancos-e-conferencia-nacional\/"},"modified":"2021-07-28T22:47:15","modified_gmt":"2021-07-29T01:47:15","slug":"comando-nacional-dos-bancarios-debate-encontros-por-bancos-e-conferencia-nacional","status":"publish","type":"post","link":"https:\/\/hostnetart.com.br\/baixada\/comando-nacional-dos-bancarios-debate-encontros-por-bancos-e-conferencia-nacional\/","title":{"rendered":"Comando Nacional dos Banc\u00e1rios debate encontros por bancos e Confer\u00eancia Nacional"},"content":{"rendered":"<p>O Comando Nacional dos Banc\u00e1rios se reuniu na manh\u00e3 desta quarta-feira (28) para debater os<a href=\"https:\/\/contrafcut.com.br\/noticias\/encontros-nacionais-por-bancos-acontecem-entre-os-dias-3-e-8-de-agosto\/?swcfpc=1\" target=\"_blank\" rel=\"noopener noreferrer\">\u00a0encontros dos bancos p\u00fablicos<\/a>\u00a0e privados e a 23\u00aa Confer\u00eancia Nacional dos Banc\u00e1rios. Com as datas definidas, foram debatidas as programa\u00e7\u00f5es de cada um dos encontros. Tamb\u00e9m foram aprovados as artes e o slogan dos eventos.<\/p>\n<p>\u201cA reuni\u00e3o \u00e9 muito importante para todos os membros do Comando discutirem, sugerirem e definirem como ser\u00e3o os encontros e a Confer\u00eancia Nacional, desde o slogan e a identidade visual, at\u00e9 o conte\u00fado dos debates\u201d, explicou Juvandia Moreira, coordenadora da Comando Nacional dos Banc\u00e1rios e presidenta da Confedera\u00e7\u00e3o Nacional dos Trabalhadores do Ramo Financeiro (Contraf-CUT). \u201cApesar de n\u00e3o termos Campanha Nacional neste ano, os encontros s\u00e3o fundamentais para a categoria se preparar para diversos enfrentamentos que est\u00e3o por vir\u201d, completou.<\/p>\n<p>Na reuni\u00e3o, os participantes relataram como est\u00e1 a vacina\u00e7\u00e3o dos banc\u00e1rios pelo Brasil. Em muitos lugares, foi poss\u00edvel a inclus\u00e3o da categoria na lista de prioridade.<\/p>\n<p>O Comando Nacional dos Banc\u00e1rios definiu ainda pela reivindica\u00e7\u00e3o do agendamento de uma reuni\u00e3o com a Federa\u00e7\u00e3o Nacional dos Bancos (Fenaban) para negociar o retorno ao trabalho presencial. \u201cN\u00f3s precisamos saber o que os bancos est\u00e3o pensando e garantir que os banc\u00e1rios tenham toda a seguran\u00e7a para este retorno. N\u00e3o vamos permitir que a sa\u00fade do trabalhador seja colocada em risco\u201d, finalizou.<\/p>\n<p><strong>Fonte: Contraf-CUT<\/strong><\/p>\n","protected":false},"excerpt":{"rendered":"<p>O Comando Nacional dos Banc\u00e1rios se reuniu na manh\u00e3 desta quarta-feira (28) para debater os\u00a0encontros dos bancos p\u00fablicos\u00a0e privados e a 23\u00aa Confer\u00eancia Nacional dos Banc\u00e1rios. Com as datas definidas, foram debatidas as programa\u00e7\u00f5es de cada um dos encontros. Tamb\u00e9m foram aprovados as artes e o slogan dos eventos. \u201cA reuni\u00e3o \u00e9 muito importante para [&hellip;]<\/p>\n","protected":false},"author":2,"featured_media":11262,"comment_status":"","ping_status":"","sticky":false,"template":"","format":"standard","meta":{"footnotes":""},"categories":[3],"tags":[],"class_list":["post-11263","post","type-post","status-publish","format-standard","has-post-thumbnail","hentry","category-noticias"],"_links":{"self":[{"href":"https:\/\/hostnetart.com.br\/baixada\/wp-json\/wp\/v2\/posts\/11263","targetHints":{"allow":["GET"]}}],"collection":[{"href":"https:\/\/hostnetart.com.br\/baixada\/wp-json\/wp\/v2\/posts"}],"about":[{"href":"https:\/\/hostnetart.com.br\/baixada\/wp-json\/wp\/v2\/types\/post"}],"author":[{"embeddable":true,"href":"https:\/\/hostnetart.com.br\/baixada\/wp-json\/wp\/v2\/users\/2"}],"replies":[{"embeddable":true,"href":"https:\/\/hostnetart.com.br\/baixada\/wp-json\/wp\/v2\/comments?post=11263"}],"version-history":[{"count":0,"href":"https:\/\/hostnetart.com.br\/baixada\/wp-json\/wp\/v2\/posts\/11263\/revisions"}],"wp:featuredmedia":[{"embeddable":true,"href":"https:\/\/hostnetart.com.br\/baixada\/wp-json\/wp\/v2\/media\/11262"}],"wp:attachment":[{"href":"https:\/\/hostnetart.com.br\/baixada\/wp-json\/wp\/v2\/media?parent=11263"}],"wp:term":[{"taxonomy":"category","embeddable":true,"href":"https:\/\/hostnetart.com.br\/baixada\/wp-json\/wp\/v2\/categories?post=11263"},{"taxonomy":"post_tag","embeddable":true,"href":"https:\/\/hostnetart.com.br\/baixada\/wp-json\/wp\/v2\/tags?post=11263"}],"curies":[{"name":"wp","href":"https:\/\/api.w.org\/{rel}","templated":true}]}}