{"id":11261,"date":"2021-07-27T04:11:01","date_gmt":"2021-07-27T07:11:01","guid":{"rendered":"https:\/\/hostnetart.com.br\/baixada\/empregados-da-caixa-intensificam-mobilizacao-em-defesa-do-saude-caixa\/"},"modified":"2021-07-27T04:11:01","modified_gmt":"2021-07-27T07:11:01","slug":"empregados-da-caixa-intensificam-mobilizacao-em-defesa-do-saude-caixa","status":"publish","type":"post","link":"https:\/\/hostnetart.com.br\/baixada\/empregados-da-caixa-intensificam-mobilizacao-em-defesa-do-saude-caixa\/","title":{"rendered":"Empregados da Caixa intensificam mobiliza\u00e7\u00e3o em defesa do Sa\u00fade Caixa"},"content":{"rendered":"<p>Os empregados da Caixa de todo o Brasil t\u00eam uma semana de intensa mobiliza\u00e7\u00e3o. O principal objetivo \u00e9 construir um modelo de custeio sustent\u00e1vel do Sa\u00fade Caixa. Com o mote \u201cSa\u00fade Caixa sim, CGPAR 23 n\u00e3o\u201d, nesta ter\u00e7a-feira (27), os trabalhadores do banco p\u00fablico v\u00e3o usar roupas brancas em defesa da assist\u00eancia m\u00e9dica e em mem\u00f3ria aos banc\u00e1rios que morreram em decorr\u00eancia da Covid-19.<\/p>\n<p>Os sindicatos e federa\u00e7\u00f5es tamb\u00e9m v\u00e3o enviar correspond\u00eancias aos senadores solicitando apoio ao Projeto de Decreto Legislativo \u2013 PDC 956\/2018, que susta os efeitos da CGPAR 23. A resolu\u00e7\u00e3o do governo federal estabelece preju\u00edzos \u00e0s formas de custeio das empresas estatais federais sobre benef\u00edcios de assist\u00eancia \u00e0 sa\u00fade aos empregados.<\/p>\n<p>Um tuita\u00e7o em defesa do Sa\u00fade Caixa est\u00e1 marcado para quarta-feira (28), a partir das 11, com a #Sa\u00fadeCaixaEuDefendo e #PedroGuimaraesCGPARN\u00e3o. Al\u00e9m de uma live sobre a assist\u00eancia m\u00e9dica e informativa e preparat\u00f3ria para o 37\u00ba Conecef (Congresso Nacional dos Empregados da Caixa) nos dias 6 e 7 de agosto.<\/p>\n<p>Na quinta-feira (29) \u00e9 a vez do Dia Nacional de Mobiliza\u00e7\u00e3o em Defesa do Sa\u00fade Caixa, com a realiza\u00e7\u00e3o de reuni\u00f5es nos locais de trabalho, atos pol\u00edticos, manifesta\u00e7\u00f5es virtuais e paralisa\u00e7\u00f5es nos locais poss\u00edveis.<\/p>\n<p>\u201c\u00c9 a hora dos empregados se unirem para defender o Sa\u00fade Caixa e manter o plano solid\u00e1rio e sustent\u00e1vel para todos\u201d, convocou Fabiana Uehara Proscholdt, secret\u00e1ria da Cultura da Confedera\u00e7\u00e3o Nacional dos Trabalhadores do Ramo Financeiro (Contraf-CUT) e coordenadora da Comiss\u00e3o Executiva dos Empregados da Caixa (CEE\/ Caixa).<\/p>\n<p><strong>Fonte: Contraf-CUT<\/strong><\/p>\n","protected":false},"excerpt":{"rendered":"<p>Os empregados da Caixa de todo o Brasil t\u00eam uma semana de intensa mobiliza\u00e7\u00e3o. O principal objetivo \u00e9 construir um modelo de custeio sustent\u00e1vel do Sa\u00fade Caixa. Com o mote \u201cSa\u00fade Caixa sim, CGPAR 23 n\u00e3o\u201d, nesta ter\u00e7a-feira (27), os trabalhadores do banco p\u00fablico v\u00e3o usar roupas brancas em defesa da assist\u00eancia m\u00e9dica e em [&hellip;]<\/p>\n","protected":false},"author":2,"featured_media":11260,"comment_status":"","ping_status":"","sticky":false,"template":"","format":"standard","meta":{"footnotes":""},"categories":[3],"tags":[],"class_list":["post-11261","post","type-post","status-publish","format-standard","has-post-thumbnail","hentry","category-noticias"],"_links":{"self":[{"href":"https:\/\/hostnetart.com.br\/baixada\/wp-json\/wp\/v2\/posts\/11261","targetHints":{"allow":["GET"]}}],"collection":[{"href":"https:\/\/hostnetart.com.br\/baixada\/wp-json\/wp\/v2\/posts"}],"about":[{"href":"https:\/\/hostnetart.com.br\/baixada\/wp-json\/wp\/v2\/types\/post"}],"author":[{"embeddable":true,"href":"https:\/\/hostnetart.com.br\/baixada\/wp-json\/wp\/v2\/users\/2"}],"replies":[{"embeddable":true,"href":"https:\/\/hostnetart.com.br\/baixada\/wp-json\/wp\/v2\/comments?post=11261"}],"version-history":[{"count":0,"href":"https:\/\/hostnetart.com.br\/baixada\/wp-json\/wp\/v2\/posts\/11261\/revisions"}],"wp:featuredmedia":[{"embeddable":true,"href":"https:\/\/hostnetart.com.br\/baixada\/wp-json\/wp\/v2\/media\/11260"}],"wp:attachment":[{"href":"https:\/\/hostnetart.com.br\/baixada\/wp-json\/wp\/v2\/media?parent=11261"}],"wp:term":[{"taxonomy":"category","embeddable":true,"href":"https:\/\/hostnetart.com.br\/baixada\/wp-json\/wp\/v2\/categories?post=11261"},{"taxonomy":"post_tag","embeddable":true,"href":"https:\/\/hostnetart.com.br\/baixada\/wp-json\/wp\/v2\/tags?post=11261"}],"curies":[{"name":"wp","href":"https:\/\/api.w.org\/{rel}","templated":true}]}}