{"id":11259,"date":"2021-07-27T04:09:15","date_gmt":"2021-07-27T07:09:15","guid":{"rendered":"https:\/\/hostnetart.com.br\/baixada\/mulheres-pretas-sempre-estiveram-presentes-na-luta-pelo-bem-viver\/"},"modified":"2021-07-27T04:09:15","modified_gmt":"2021-07-27T07:09:15","slug":"mulheres-pretas-sempre-estiveram-presentes-na-luta-pelo-bem-viver","status":"publish","type":"post","link":"https:\/\/hostnetart.com.br\/baixada\/mulheres-pretas-sempre-estiveram-presentes-na-luta-pelo-bem-viver\/","title":{"rendered":"\u2018Mulheres pretas sempre estiveram presentes na luta pelo bem viver\u2019"},"content":{"rendered":"<p>O secret\u00e1rio de Combate ao Racismo da Confedera\u00e7\u00e3o Nacional dos Trabalahdores do Ramo Financeiro (Contraf-CUT), Almir Aguiar, falou sobre a campanha julho das Pretas, que est\u00e1 em sua nona edi\u00e7\u00e3o e visa mostrar mulheres negras como as maiores v\u00edtimas da viol\u00eancia, da pandemia, do racismo e do machismo no Brasil.<\/p>\n<p>\u201cDesde o per\u00edodo da escraviza\u00e7\u00e3o at\u00e9 os dias atuais, as mulheres negras sempre estiveram nas lutas do bem viver. Elas est\u00e3o nos locais de trabalho mais precarizados, s\u00e3o as que mais sofrem a viol\u00eancia dom\u00e9stica e representam 62% das mortes por feminic\u00eddio. As mulheres pretas querem respeito, querem inclus\u00e3o, elas querem direitos iguais. Essa \u00e9 uma luta de todos n\u00f3s\u201d, afirmou o secret\u00e1rio.<\/p>\n<p>(Para ver o v\u00eddeo,\u00a0<a href=\"https:\/\/youtu.be\/Xv_DdJWEylU\">clique aqui<\/a>)<\/p>\n<p>A data surgiu em 1992, quando a Organiza\u00e7\u00e3o das Na\u00e7\u00f5es Unidas (ONU) realizou na Rep\u00fablica Dominicana o 1\u00ba Encontro de Mulheres Afro-latinoamericanas e Caribenhas. No Brasil, o 25 de julho tamb\u00e9m \u00e9 o Dia Nacional de Teresa de Benguela e da Mulher Negra. \u00c9 uma refer\u00eancia \u00e0 l\u00edder quilombola, que comandou a luta do quilombo de Quariter\u00ea, no s\u00e9culo 18.<\/p>\n<p><strong>Fonte: Contraf-CUT<\/strong><\/p>\n","protected":false},"excerpt":{"rendered":"<p>O secret\u00e1rio de Combate ao Racismo da Confedera\u00e7\u00e3o Nacional dos Trabalahdores do Ramo Financeiro (Contraf-CUT), Almir Aguiar, falou sobre a campanha julho das Pretas, que est\u00e1 em sua nona edi\u00e7\u00e3o e visa mostrar mulheres negras como as maiores v\u00edtimas da viol\u00eancia, da pandemia, do racismo e do machismo no Brasil. \u201cDesde o per\u00edodo da escraviza\u00e7\u00e3o [&hellip;]<\/p>\n","protected":false},"author":2,"featured_media":11258,"comment_status":"","ping_status":"","sticky":false,"template":"","format":"standard","meta":{"footnotes":""},"categories":[3],"tags":[],"class_list":["post-11259","post","type-post","status-publish","format-standard","has-post-thumbnail","hentry","category-noticias"],"_links":{"self":[{"href":"https:\/\/hostnetart.com.br\/baixada\/wp-json\/wp\/v2\/posts\/11259","targetHints":{"allow":["GET"]}}],"collection":[{"href":"https:\/\/hostnetart.com.br\/baixada\/wp-json\/wp\/v2\/posts"}],"about":[{"href":"https:\/\/hostnetart.com.br\/baixada\/wp-json\/wp\/v2\/types\/post"}],"author":[{"embeddable":true,"href":"https:\/\/hostnetart.com.br\/baixada\/wp-json\/wp\/v2\/users\/2"}],"replies":[{"embeddable":true,"href":"https:\/\/hostnetart.com.br\/baixada\/wp-json\/wp\/v2\/comments?post=11259"}],"version-history":[{"count":0,"href":"https:\/\/hostnetart.com.br\/baixada\/wp-json\/wp\/v2\/posts\/11259\/revisions"}],"wp:featuredmedia":[{"embeddable":true,"href":"https:\/\/hostnetart.com.br\/baixada\/wp-json\/wp\/v2\/media\/11258"}],"wp:attachment":[{"href":"https:\/\/hostnetart.com.br\/baixada\/wp-json\/wp\/v2\/media?parent=11259"}],"wp:term":[{"taxonomy":"category","embeddable":true,"href":"https:\/\/hostnetart.com.br\/baixada\/wp-json\/wp\/v2\/categories?post=11259"},{"taxonomy":"post_tag","embeddable":true,"href":"https:\/\/hostnetart.com.br\/baixada\/wp-json\/wp\/v2\/tags?post=11259"}],"curies":[{"name":"wp","href":"https:\/\/api.w.org\/{rel}","templated":true}]}}