{"id":11257,"date":"2021-07-27T04:04:04","date_gmt":"2021-07-27T07:04:04","guid":{"rendered":"https:\/\/hostnetart.com.br\/baixada\/contraf-cut-solicita-ampliacao-dos-prazos-do-gt-saude-caixa\/"},"modified":"2021-07-27T04:04:04","modified_gmt":"2021-07-27T07:04:04","slug":"contraf-cut-solicita-ampliacao-dos-prazos-do-gt-saude-caixa","status":"publish","type":"post","link":"https:\/\/hostnetart.com.br\/baixada\/contraf-cut-solicita-ampliacao-dos-prazos-do-gt-saude-caixa\/","title":{"rendered":"Contraf-CUT solicita amplia\u00e7\u00e3o dos prazos do GT Sa\u00fade Caixa"},"content":{"rendered":"<p>A Confedera\u00e7\u00e3o Nacional dos Trabalhadores do Ramo Financeiro (Contraf-CUT) enviou of\u00edcio, na tarde de sexta-feira (23), para a dire\u00e7\u00e3o da Caixa reivindicando a amplia\u00e7\u00e3o do prazo para continuidade das discuss\u00f5es no Grupo de Trabalho (GT) Sa\u00fade Caixa.<\/p>\n<p>O GT est\u00e1 previsto no Acordo Coletivo de Trabalho (ACT Caixa 2020\/2022) para a discuss\u00e3o do formato de custeio e de gest\u00e3o para a assist\u00eancia \u00e0 sa\u00fade dos empregados (Sa\u00fade Caixa), com vistas \u00e0 sua sustentabilidade econ\u00f4mico-financeira. Entretanto, apesar de ter sido assinado pelas partes em setembro de 2020, o GT Sa\u00fade Caixa apenas foi instalado no m\u00eas de janeiro de 2021.<\/p>\n<p>\u201cCom a demora na instala\u00e7\u00e3o do GT Sa\u00fade Caixa, o andamento dos debates foi comprometido, inclusive, pela tardia disponibiliza\u00e7\u00e3o do relat\u00f3rio com as proje\u00e7\u00f5es atuariais do plano aos representantes dos empregados, recebido em abril de 2021. Somado a isso, houve tamb\u00e9m o acesso dificultado pela Caixa aos dados essenciais ao aprofundamento dos trabalhos. Isso tudo levou a atrasos e, consequentemente, a preju\u00edzos aos debates de interesse dos empregados, com um prazo pequeno para desenvolvimento dos trabalhos do GT Sa\u00fade Caixa para posterior encaminhamento aos membros da Mesa Permanente de Negocia\u00e7\u00f5es, conforme ACT Caixa vigente\u201d, explicou Fabiana Uehara Proscholdt, secret\u00e1ria da Cultura da Contraf-CUT e coordenadora da Comiss\u00e3o Executiva dos Empregados da Caixa (CEE\/ Caixa).<\/p>\n<p>Leonardo Quadros, integrante da CEE\/ Caixa e do GT Sa\u00fade Caixa lembra que, nas \u00faltimas reuni\u00f5es, se tem avan\u00e7ado pouco em alternativas de custeio em fun\u00e7\u00e3o da insist\u00eancia dos representantes da dire\u00e7\u00e3o do banco em aplicar um limitador de 50% para a parcela de responsabilidade da Caixa no financiamento do plano, apesar de n\u00e3o haver qualquer previs\u00e3o em ACT para tal medida. \u201cSequer foram iniciadas as discuss\u00f5es sobre o modelo de gest\u00e3o do plano, em que pese a previs\u00e3o no ACT para tal feito e serem apresentadas proposi\u00e7\u00f5es pela consultoria atuarial que assessora os representantes dos empregados. \u00c9 importante lembrar tamb\u00e9m os relatos dos dirigentes das entidades representativas dos empregados que enfrentam dificuldades para a realiza\u00e7\u00e3o de reuni\u00f5es nos locais de trabalho, garantidas na cl\u00e1usula 45 do ACT, para tratar deste tema e de outros assuntos de interesse dos trabalhadores da Caixa.\u201d<\/p>\n<p><strong>Fonte: Contraf-CUT<\/strong><\/p>\n","protected":false},"excerpt":{"rendered":"<p>A Confedera\u00e7\u00e3o Nacional dos Trabalhadores do Ramo Financeiro (Contraf-CUT) enviou of\u00edcio, na tarde de sexta-feira (23), para a dire\u00e7\u00e3o da Caixa reivindicando a amplia\u00e7\u00e3o do prazo para continuidade das discuss\u00f5es no Grupo de Trabalho (GT) Sa\u00fade Caixa. O GT est\u00e1 previsto no Acordo Coletivo de Trabalho (ACT Caixa 2020\/2022) para a discuss\u00e3o do formato de [&hellip;]<\/p>\n","protected":false},"author":2,"featured_media":11256,"comment_status":"","ping_status":"","sticky":false,"template":"","format":"standard","meta":{"footnotes":""},"categories":[3],"tags":[],"class_list":["post-11257","post","type-post","status-publish","format-standard","has-post-thumbnail","hentry","category-noticias"],"_links":{"self":[{"href":"https:\/\/hostnetart.com.br\/baixada\/wp-json\/wp\/v2\/posts\/11257","targetHints":{"allow":["GET"]}}],"collection":[{"href":"https:\/\/hostnetart.com.br\/baixada\/wp-json\/wp\/v2\/posts"}],"about":[{"href":"https:\/\/hostnetart.com.br\/baixada\/wp-json\/wp\/v2\/types\/post"}],"author":[{"embeddable":true,"href":"https:\/\/hostnetart.com.br\/baixada\/wp-json\/wp\/v2\/users\/2"}],"replies":[{"embeddable":true,"href":"https:\/\/hostnetart.com.br\/baixada\/wp-json\/wp\/v2\/comments?post=11257"}],"version-history":[{"count":0,"href":"https:\/\/hostnetart.com.br\/baixada\/wp-json\/wp\/v2\/posts\/11257\/revisions"}],"wp:featuredmedia":[{"embeddable":true,"href":"https:\/\/hostnetart.com.br\/baixada\/wp-json\/wp\/v2\/media\/11256"}],"wp:attachment":[{"href":"https:\/\/hostnetart.com.br\/baixada\/wp-json\/wp\/v2\/media?parent=11257"}],"wp:term":[{"taxonomy":"category","embeddable":true,"href":"https:\/\/hostnetart.com.br\/baixada\/wp-json\/wp\/v2\/categories?post=11257"},{"taxonomy":"post_tag","embeddable":true,"href":"https:\/\/hostnetart.com.br\/baixada\/wp-json\/wp\/v2\/tags?post=11257"}],"curies":[{"name":"wp","href":"https:\/\/api.w.org\/{rel}","templated":true}]}}