{"id":11253,"date":"2021-07-23T17:36:41","date_gmt":"2021-07-23T20:36:41","guid":{"rendered":"https:\/\/hostnetart.com.br\/baixada\/sabado-e-dia-de-defender-a-vida-e-a-democracia\/"},"modified":"2021-07-23T17:36:41","modified_gmt":"2021-07-23T20:36:41","slug":"sabado-e-dia-de-defender-a-vida-e-a-democracia","status":"publish","type":"post","link":"https:\/\/hostnetart.com.br\/baixada\/sabado-e-dia-de-defender-a-vida-e-a-democracia\/","title":{"rendered":"S\u00e1bado \u00e9 dia de defender a vida e a democracia"},"content":{"rendered":"<p>Cresce a mobiliza\u00e7\u00e3o contra o governo Bolsonaro com atos marcados em mais de 300 cidades. Amanh\u00e3, s\u00e1bado (24), ser\u00e1 o quarto dia nacional de luta contra Bolsonaro e seu governo. \u00c9 o #24JForaBolsonaro. O crescimento do protesto mostra a amplia\u00e7\u00e3o do rep\u00fadio contra o presidente que estimula a mis\u00e9ria, n\u00e3o luta contra a pandemia e amea\u00e7a cada vez mais a democracia no pa\u00eds.<\/p>\n<p><strong>Amea\u00e7a \u00e0 democracia e \u00e0s elei\u00e7\u00f5es<\/strong><\/p>\n<p>Bolsonaro e seus auxiliares amea\u00e7am as elei\u00e7\u00f5es com medo da perda do apoio popular. Temem que o desgaste pol\u00edtico de Bolsonaro ameace seus planos de se manter no poder. A crise pol\u00edtica \u00e9 alimentada pela desesperan\u00e7a da popula\u00e7\u00e3o, que v\u00ea o crescimento da mis\u00e9ria, da fome, da infla\u00e7\u00e3o, das den\u00fancias de corrup\u00e7\u00e3o e do n\u00famero de pessoas mortas pela Covid-19.<\/p>\n<p>As entidades que organizam as manifesta\u00e7\u00f5es de amanh\u00e3 s\u00e3o a CUT e demais centrais sindicais, as frente Brasil Popular e Povo sem Medo, partidos de oposi\u00e7\u00e3o, entidades estudantis e amplos setores da sociedade que aderem ao movimento. A Confedera\u00e7\u00e3o Nacional dos Trabalhadores do Ramo Financeiro (Contraf-CUT) participa do movi9mento. As manifesta\u00e7\u00f5es v\u00e3o acontecer em todo o pa\u00eds, em 25 capitais e no Distrito Federal, al\u00e9m de centenas de cidades do interior.<\/p>\n<p><strong>Amea\u00e7as aos trabalhadores<\/strong><\/p>\n<p>A orienta\u00e7\u00e3o \u00e9 ocupar todos os espa\u00e7os para manifestar o rep\u00fadio a Bolsonaro e seu governo. O presidente e sua equipe n\u00e3o se cansam de atacar os trabalhadores. Exemplos n\u00e3o faltam, como o decreto que amea\u00e7a os vales refei\u00e7\u00e3o e alimenta\u00e7\u00e3o e mudan\u00e7a no Imposto de Renda que retira o benef\u00edcio da declara\u00e7\u00e3o completa para quem ganha mais de R$ 3,3 mil.<\/p>\n<p>A Contraf-CUT lembra \u00e0s banc\u00e1rias e aos banc\u00e1rios que a pandemia ainda n\u00e3o acabou. Portanto \u00e9 importante se manifestar nas redes sociais e tomar todas as precau\u00e7\u00f5es para os atos de rua, com distanciamento social e o uso de m\u00e1scaras e \u00e1lcool gel.<\/p>\n<p>As bandeiras de luta das manifesta\u00e7\u00f5es contra Bolsonaro e seu governo s\u00e3o a luta contra as privatiza\u00e7\u00f5es e contra a reforma administrativa; por uma reforma tribut\u00e1ria justa solid\u00e1ria e sustent\u00e1vel; por sal\u00e1rio, emprego, trabalho decente e renda; contra a infla\u00e7\u00e3o, carestia e a fome; vacina para todos; por um aux\u00edlio emergencial de R$ 600; em defesa da agricultura familiar e luta por seguran\u00e7a e soberania alimentar.<\/p>\n<p><span style=\"text-decoration: underline;\"><strong>Fonte: Contraf-CUT<\/strong><\/span><\/p>\n","protected":false},"excerpt":{"rendered":"<p>Cresce a mobiliza\u00e7\u00e3o contra o governo Bolsonaro com atos marcados em mais de 300 cidades. Amanh\u00e3, s\u00e1bado (24), ser\u00e1 o quarto dia nacional de luta contra Bolsonaro e seu governo. \u00c9 o #24JForaBolsonaro. O crescimento do protesto mostra a amplia\u00e7\u00e3o do rep\u00fadio contra o presidente que estimula a mis\u00e9ria, n\u00e3o luta contra a pandemia e [&hellip;]<\/p>\n","protected":false},"author":2,"featured_media":11252,"comment_status":"","ping_status":"","sticky":false,"template":"","format":"standard","meta":{"footnotes":""},"categories":[3],"tags":[],"class_list":["post-11253","post","type-post","status-publish","format-standard","has-post-thumbnail","hentry","category-noticias"],"_links":{"self":[{"href":"https:\/\/hostnetart.com.br\/baixada\/wp-json\/wp\/v2\/posts\/11253","targetHints":{"allow":["GET"]}}],"collection":[{"href":"https:\/\/hostnetart.com.br\/baixada\/wp-json\/wp\/v2\/posts"}],"about":[{"href":"https:\/\/hostnetart.com.br\/baixada\/wp-json\/wp\/v2\/types\/post"}],"author":[{"embeddable":true,"href":"https:\/\/hostnetart.com.br\/baixada\/wp-json\/wp\/v2\/users\/2"}],"replies":[{"embeddable":true,"href":"https:\/\/hostnetart.com.br\/baixada\/wp-json\/wp\/v2\/comments?post=11253"}],"version-history":[{"count":0,"href":"https:\/\/hostnetart.com.br\/baixada\/wp-json\/wp\/v2\/posts\/11253\/revisions"}],"wp:featuredmedia":[{"embeddable":true,"href":"https:\/\/hostnetart.com.br\/baixada\/wp-json\/wp\/v2\/media\/11252"}],"wp:attachment":[{"href":"https:\/\/hostnetart.com.br\/baixada\/wp-json\/wp\/v2\/media?parent=11253"}],"wp:term":[{"taxonomy":"category","embeddable":true,"href":"https:\/\/hostnetart.com.br\/baixada\/wp-json\/wp\/v2\/categories?post=11253"},{"taxonomy":"post_tag","embeddable":true,"href":"https:\/\/hostnetart.com.br\/baixada\/wp-json\/wp\/v2\/tags?post=11253"}],"curies":[{"name":"wp","href":"https:\/\/api.w.org\/{rel}","templated":true}]}}