{"id":11251,"date":"2021-07-23T03:18:49","date_gmt":"2021-07-23T06:18:49","guid":{"rendered":"https:\/\/hostnetart.com.br\/baixada\/eleicoes-da-funcef-comecaram-nesta-quinta-22-07-e-terminam-sabado-24-07\/"},"modified":"2021-07-23T03:18:49","modified_gmt":"2021-07-23T06:18:49","slug":"eleicoes-da-funcef-comecaram-nesta-quinta-22-07-e-terminam-sabado-24-07","status":"publish","type":"post","link":"https:\/\/hostnetart.com.br\/baixada\/eleicoes-da-funcef-comecaram-nesta-quinta-22-07-e-terminam-sabado-24-07\/","title":{"rendered":"Elei\u00e7\u00f5es da Funcef come\u00e7aram nesta quinta (22\/07) e terminam s\u00e1bado (24\/07)"},"content":{"rendered":"<p>O primeiro turno das elei\u00e7\u00f5es da Funcef 2020-2021 para os Conselhos Deliberativo e Fiscal teve in\u00edcio, \u00e0s 11h desta quinta-feira (22). A vota\u00e7\u00e3o vai at\u00e9 \u00e0s 18h, deste s\u00e1bado (24\/07) e est\u00e1 sendo realizada de maneira on-line no autoatendimento, no site ou aplicativo da Funda\u00e7\u00e3o. O acesso ser\u00e1 por meio do CPF e senha pessoal do eleitor. Caso o pleito eleitoral seja definido em primeiro turno, a posse poder\u00e1 ocorrer at\u00e9 13\/08\/2021. O segundo turno das elei\u00e7\u00f5es est\u00e1 previsto para ocorrer de 3 a 5 de agosto. \u00a0<\/p>\n<p><span style=\"text-decoration: underline;\">Em defesa de uma Funcef mais representativa\u00a0\u00a0<\/span><\/p>\n<p>A Federa\u00e7\u00e3o Nacional das Associa\u00e7\u00f5es do Pessoal da Caixa Econ\u00f4mica Federal (Fenae), junto com importantes entidades representativas dos trabalhadores e trabalhadoras da Caixa Econ\u00f4mica Federal apoia a Chapa 1 &#8211; A Funcef \u00e9 dos Participantes, em defesa de uma Funcef mais representativa, por um futuro s\u00f3lido, com mais transpar\u00eancia e governan\u00e7a, com revers\u00e3o do d\u00e9ficit e, primordialmente, por uma Funcef dos participantes. \u00a0<\/p>\n<p>\u201cDiante da conjuntura atual, marcada por retrocessos e retiradas de direitos, as entidades representativas se unem mais uma vez em defesa de uma Funcef mais representativa, transparente e democr\u00e1tica. A Chapa 1 \u2013 A Funcef \u00e9 dos Participantes representa um olhar para um futuro s\u00f3lido, governan\u00e7a e diversidade, revers\u00e3o do d\u00e9ficit e principalmente, a verdadeira voz dos participantes\u201d, afirmou Sergio Takemoto, presidente da Fenae. \u00a0<\/p>\n<p><span style=\"text-decoration: underline;\">Est\u00e3o aptos a votar\u00a0<\/span><\/p>\n<p>Est\u00e3o aptos para votar os participantes ativos e assistidos, maiores de 18 anos com benef\u00edcio vital\u00edcio, que tenham se inscrito at\u00e9 31 de janeiro de 2020 em planos de benef\u00edcios administrados pela Funcef.\u00a0Nas situa\u00e7\u00f5es em que exista mais de um benefici\u00e1rio por origem, ser\u00e1 considerado eleitor o\u00a0mais idoso. \u00a0<\/p>\n<p><span style=\"text-decoration: underline;\"><strong>Como recuperar senha do Autoatendimento\u00a0<\/strong>\u00a0<\/span><\/p>\n<p>O processo das elei\u00e7\u00f5es da Funcef \u00e9 simples. Basta entrar no Autoatendimento, no site ou aplicativo da Funda\u00e7\u00e3o, inserir o CPF, data de nascimento e responder as perguntas solicitadas pelo site a partir do cadastro na Funcef. Caso n\u00e3o se lembre da senha de acesso, saiba, no pr\u00f3prio site da Funda\u00e7\u00e3o o passo a passo de como recuper\u00e1-la. Veja tamb\u00e9m o tutorial de como criar uma senha, caso esteja acessando o Autoatendimento pela primeira vez. Para outras d\u00favidas, ligue para 0800 706 9000, de segunda a sexta-feira, das 8h \u00e0s 18h, exceto feriados.<\/p>\n<p><strong>Fonte: Fenae<\/strong><\/p>\n","protected":false},"excerpt":{"rendered":"<p>O primeiro turno das elei\u00e7\u00f5es da Funcef 2020-2021 para os Conselhos Deliberativo e Fiscal teve in\u00edcio, \u00e0s 11h desta quinta-feira (22). A vota\u00e7\u00e3o vai at\u00e9 \u00e0s 18h, deste s\u00e1bado (24\/07) e est\u00e1 sendo realizada de maneira on-line no autoatendimento, no site ou aplicativo da Funda\u00e7\u00e3o. O acesso ser\u00e1 por meio do CPF e senha pessoal [&hellip;]<\/p>\n","protected":false},"author":2,"featured_media":11250,"comment_status":"","ping_status":"","sticky":false,"template":"","format":"standard","meta":{"footnotes":""},"categories":[3],"tags":[],"class_list":["post-11251","post","type-post","status-publish","format-standard","has-post-thumbnail","hentry","category-noticias"],"_links":{"self":[{"href":"https:\/\/hostnetart.com.br\/baixada\/wp-json\/wp\/v2\/posts\/11251","targetHints":{"allow":["GET"]}}],"collection":[{"href":"https:\/\/hostnetart.com.br\/baixada\/wp-json\/wp\/v2\/posts"}],"about":[{"href":"https:\/\/hostnetart.com.br\/baixada\/wp-json\/wp\/v2\/types\/post"}],"author":[{"embeddable":true,"href":"https:\/\/hostnetart.com.br\/baixada\/wp-json\/wp\/v2\/users\/2"}],"replies":[{"embeddable":true,"href":"https:\/\/hostnetart.com.br\/baixada\/wp-json\/wp\/v2\/comments?post=11251"}],"version-history":[{"count":0,"href":"https:\/\/hostnetart.com.br\/baixada\/wp-json\/wp\/v2\/posts\/11251\/revisions"}],"wp:featuredmedia":[{"embeddable":true,"href":"https:\/\/hostnetart.com.br\/baixada\/wp-json\/wp\/v2\/media\/11250"}],"wp:attachment":[{"href":"https:\/\/hostnetart.com.br\/baixada\/wp-json\/wp\/v2\/media?parent=11251"}],"wp:term":[{"taxonomy":"category","embeddable":true,"href":"https:\/\/hostnetart.com.br\/baixada\/wp-json\/wp\/v2\/categories?post=11251"},{"taxonomy":"post_tag","embeddable":true,"href":"https:\/\/hostnetart.com.br\/baixada\/wp-json\/wp\/v2\/tags?post=11251"}],"curies":[{"name":"wp","href":"https:\/\/api.w.org\/{rel}","templated":true}]}}