{"id":11249,"date":"2021-07-22T13:21:03","date_gmt":"2021-07-22T16:21:03","guid":{"rendered":"https:\/\/hostnetart.com.br\/baixada\/movimento-sindical-bancario-solicita-reuniao-com-a-direcao-da-caixa-sobre-a-funcef\/"},"modified":"2021-07-22T13:21:03","modified_gmt":"2021-07-22T16:21:03","slug":"movimento-sindical-bancario-solicita-reuniao-com-a-direcao-da-caixa-sobre-a-funcef","status":"publish","type":"post","link":"https:\/\/hostnetart.com.br\/baixada\/movimento-sindical-bancario-solicita-reuniao-com-a-direcao-da-caixa-sobre-a-funcef\/","title":{"rendered":"Movimento Sindical Banc\u00e1rio solicita reuni\u00e3o com a dire\u00e7\u00e3o da Caixa sobre a Funcef"},"content":{"rendered":"<p>A Confedera\u00e7\u00e3o Nacional dos Trabalhadores do Ramo Financeiro (Contraf-CUT), assessorada pela Comiss\u00e3o Executiva dos Empregados da Caixa (CEE\/Caixa) enviou um of\u00edcio \u00e0 dire\u00e7\u00e3o do banco p\u00fablico, na tarde de ter\u00e7a-feira (21), para solicitar o agendamento de reuni\u00e3o da Mesa Permanente de Negocia\u00e7\u00f5es. Na pauta estar\u00e3o quest\u00f5es relacionadas \u00e0 Funda\u00e7\u00e3o dos Economi\u00e1rios Federais (Funcef).<\/p>\n<p>\u201cN\u00f3s temos dois temas que s\u00e3o muito importantes para os associados da Funcef e est\u00e3o pendentes j\u00e1 h\u00e1 um tempo. A Caixa tem de priorizar esse debate e resolver as pend\u00eancias, pois interferem na vida das pessoas. Pois isso, aguardamos o retorno o mais breve poss\u00edvel.\u201d, afirmou Fabiana Uehara Proscholdt, coordenadora da Comiss\u00e3o Executiva de Empregados da Caixa (CEE\/Caixa) e secret\u00e1ria da Cultura da Confedera\u00e7\u00e3o Nacional dos Trabalhadores do Ramo Financeiro (Contraf-CUT).<\/p>\n<p>Fabiana se referiu a Resolu\u00e7\u00e3o do Conselho Nacional de Previd\u00eancia Complementar n\u00ba 30, do dia 10 de outubro de 2018, que versa sobre a necessidade da Funcef revisar o equacionamento e consequente dilata\u00e7\u00e3o do prazo de pagamento dos equacionamentos dos planos de benef\u00edcios. O outro tema \u00e9 a incorpora\u00e7\u00e3o do Regulamento do Plano de Benef\u00edcios \u2013 REB ao \u201cNovo Plano\u201d, conforme previsto no Acordo Coletivo de Trabalho \u2013 ACT na cl\u00e1usula 59 \u2013 \u201cINCORPORA\u00c7\u00c3O DO REB AO NOVO PLANO FUNCEF\u201d.<\/p>\n<p><strong>Fonte: Contraf-CUT<\/strong><\/p>\n","protected":false},"excerpt":{"rendered":"<p>A Confedera\u00e7\u00e3o Nacional dos Trabalhadores do Ramo Financeiro (Contraf-CUT), assessorada pela Comiss\u00e3o Executiva dos Empregados da Caixa (CEE\/Caixa) enviou um of\u00edcio \u00e0 dire\u00e7\u00e3o do banco p\u00fablico, na tarde de ter\u00e7a-feira (21), para solicitar o agendamento de reuni\u00e3o da Mesa Permanente de Negocia\u00e7\u00f5es. Na pauta estar\u00e3o quest\u00f5es relacionadas \u00e0 Funda\u00e7\u00e3o dos Economi\u00e1rios Federais (Funcef). \u201cN\u00f3s temos [&hellip;]<\/p>\n","protected":false},"author":2,"featured_media":11248,"comment_status":"","ping_status":"","sticky":false,"template":"","format":"standard","meta":{"footnotes":""},"categories":[3],"tags":[],"class_list":["post-11249","post","type-post","status-publish","format-standard","has-post-thumbnail","hentry","category-noticias"],"_links":{"self":[{"href":"https:\/\/hostnetart.com.br\/baixada\/wp-json\/wp\/v2\/posts\/11249","targetHints":{"allow":["GET"]}}],"collection":[{"href":"https:\/\/hostnetart.com.br\/baixada\/wp-json\/wp\/v2\/posts"}],"about":[{"href":"https:\/\/hostnetart.com.br\/baixada\/wp-json\/wp\/v2\/types\/post"}],"author":[{"embeddable":true,"href":"https:\/\/hostnetart.com.br\/baixada\/wp-json\/wp\/v2\/users\/2"}],"replies":[{"embeddable":true,"href":"https:\/\/hostnetart.com.br\/baixada\/wp-json\/wp\/v2\/comments?post=11249"}],"version-history":[{"count":0,"href":"https:\/\/hostnetart.com.br\/baixada\/wp-json\/wp\/v2\/posts\/11249\/revisions"}],"wp:featuredmedia":[{"embeddable":true,"href":"https:\/\/hostnetart.com.br\/baixada\/wp-json\/wp\/v2\/media\/11248"}],"wp:attachment":[{"href":"https:\/\/hostnetart.com.br\/baixada\/wp-json\/wp\/v2\/media?parent=11249"}],"wp:term":[{"taxonomy":"category","embeddable":true,"href":"https:\/\/hostnetart.com.br\/baixada\/wp-json\/wp\/v2\/categories?post=11249"},{"taxonomy":"post_tag","embeddable":true,"href":"https:\/\/hostnetart.com.br\/baixada\/wp-json\/wp\/v2\/tags?post=11249"}],"curies":[{"name":"wp","href":"https:\/\/api.w.org\/{rel}","templated":true}]}}