{"id":11247,"date":"2021-07-22T13:19:19","date_gmt":"2021-07-22T16:19:19","guid":{"rendered":"https:\/\/hostnetart.com.br\/baixada\/encontros-nacionais-por-bancos-acontecem-entre-os-dias-3-e-8-de-agosto\/"},"modified":"2021-07-22T13:19:19","modified_gmt":"2021-07-22T16:19:19","slug":"encontros-nacionais-por-bancos-acontecem-entre-os-dias-3-e-8-de-agosto","status":"publish","type":"post","link":"https:\/\/hostnetart.com.br\/baixada\/encontros-nacionais-por-bancos-acontecem-entre-os-dias-3-e-8-de-agosto\/","title":{"rendered":"Encontros nacionais por bancos acontecem entre os dias 3 e 8 de agosto"},"content":{"rendered":"<p>Os banc\u00e1rios do Banco do Brasil, Caixa Econ\u00f4mica Federal, Banco do Nordeste do Brasil (BNB), Banco da Amaz\u00f4nia (Basa), Banco Nacional de Desenvolvimento Econ\u00f4mico e Social (BNDES), Ita\u00fa, Bradesco, Santander e Banco Mercantil de todo o pa\u00eds se re\u00fanem virtualmente entre os dias 3 e 8 de agosto para discutir estrat\u00e9gias de mobiliza\u00e7\u00e3o e lutas para enfrentar quest\u00f5es espec\u00edficas de cada banco relacionadas \u00e0 manuten\u00e7\u00e3o do emprego, sa\u00fade e condi\u00e7\u00f5es de trabalho, al\u00e9m de temas que envolvem toda a classe trabalhadora, como minuta de decreto que altera o Programa de Alimenta\u00e7\u00e3o do Trabalhador (PAT) e vai limitar radicalmente os benef\u00edcios dos vales refei\u00e7\u00e3o e alimenta\u00e7\u00e3o, apresentada pelo governo Bolsonaro.<\/p>\n<p>\u201cTodo o pa\u00eds luta hoje por empregos, para ter sa\u00fade, alimenta\u00e7\u00e3o, uma vida digna. Com banc\u00e1rias e banc\u00e1rios n\u00e3o \u00e9 diferente. Para defender nossos direitos e nossas conquistas, precisamos nos organizar, nos unir. Esse \u00e9 o car\u00e1ter dos encontros dos bancos que estamos realizando no come\u00e7o de agosto. Toda a popula\u00e7\u00e3o est\u00e1 sofrendo ataques seguidos desse governo. \u00c9 hora de lutarmos, de nos defendermos. Vamos come\u00e7ar a organizar a categoria banc\u00e1ria nessa luta, para termos mais empregos, melhores sal\u00e1rios, comida na mesa e sa\u00fade. Para termos um Brasil melhor\u201d, declarou Juvandia Moreira, presidenta da Confedera\u00e7\u00e3o Nacional dos Trabalhadores do Ramo Financeiro (Contraf-CUT).<\/p>\n<h3>Banco do Brasil<\/h3>\n<p>As atividades do 32\u00ba Congresso Nacional dos Funcion\u00e1rios do Banco do Brasil (CNFBB) ser\u00e3o realizadas no dia 8 de agosto, com o tema Construindo juntos o futuro do Banco do Brasil.<\/p>\n<h3>Caixa<\/h3>\n<p>O 37\u00ba Congresso Nacional dos Empregados da Caixa Econ\u00f4mica Federal (Conecef) \u201cem defesa da Caixa e de seus empregos. Por um Brasil melhor\u201d acontece no dia 7 de agosto.<\/p>\n<h3>BNB<\/h3>\n<p>27\u00ba Congresso Nacional dos Funcion\u00e1rio do Banco do Nordeste do Brasil acontece o dia 7 de agosto com o tema \u201cBanco do Nordeste do Brasil e FNE juntos construindo um nordeste melhor.\u201d<\/p>\n<h3>Bradesco<\/h3>\n<p>O encontro nacional dos banc\u00e1rios do Bradesco, realizado no dia 3 de agosto, ter\u00e1 como mote \u201cO que queremos do Futuro \u00e9 emprego, sa\u00fade e um Brasil melhor\u201d.<\/p>\n<h3>Santander<\/h3>\n<p>O encontro nacional dos banc\u00e1rios do Santander ser\u00e1 \u201cContra a precariza\u00e7\u00e3o e em defesa da vida e do emprego\u201d, no dia 3 de agosto<\/p>\n<h3>Ita\u00fa<\/h3>\n<p>As atividades do Ita\u00fa ser\u00e3o no dia 5 de agosto com o mote \u201cO futuro s\u00f3 ser\u00e1 poss\u00edvel com emprego, sa\u00fade e melhores condi\u00e7\u00f5es de trabalho.<\/p>\n<h3>BMB<\/h3>\n<p>O Encontro Nacional do Banco Mercantil acontece no dia 4 de agosto, das 14h \u00e0s 18h com o tema \u201cgarantindo conquistas e avan\u00e7ando em direito dos empregados do Banco Mercantil do Brasil\u201d.<\/p>\n<h3>BASA<\/h3>\n<p>O 12\u00ba Congresso dos Funcion\u00e1rios do Banco da Amaz\u00f4nia \u201cDesenvolvendo a regi\u00e3o norte e o Pa\u00eds\u201d acontece no dia 8 de agosto<\/p>\n<p><strong>Fonte: Contraf-CUT<\/strong><\/p>\n","protected":false},"excerpt":{"rendered":"<p>Os banc\u00e1rios do Banco do Brasil, Caixa Econ\u00f4mica Federal, Banco do Nordeste do Brasil (BNB), Banco da Amaz\u00f4nia (Basa), Banco Nacional de Desenvolvimento Econ\u00f4mico e Social (BNDES), Ita\u00fa, Bradesco, Santander e Banco Mercantil de todo o pa\u00eds se re\u00fanem virtualmente entre os dias 3 e 8 de agosto para discutir estrat\u00e9gias de mobiliza\u00e7\u00e3o e lutas [&hellip;]<\/p>\n","protected":false},"author":2,"featured_media":11246,"comment_status":"","ping_status":"","sticky":false,"template":"","format":"standard","meta":{"footnotes":""},"categories":[3],"tags":[],"class_list":["post-11247","post","type-post","status-publish","format-standard","has-post-thumbnail","hentry","category-noticias"],"_links":{"self":[{"href":"https:\/\/hostnetart.com.br\/baixada\/wp-json\/wp\/v2\/posts\/11247","targetHints":{"allow":["GET"]}}],"collection":[{"href":"https:\/\/hostnetart.com.br\/baixada\/wp-json\/wp\/v2\/posts"}],"about":[{"href":"https:\/\/hostnetart.com.br\/baixada\/wp-json\/wp\/v2\/types\/post"}],"author":[{"embeddable":true,"href":"https:\/\/hostnetart.com.br\/baixada\/wp-json\/wp\/v2\/users\/2"}],"replies":[{"embeddable":true,"href":"https:\/\/hostnetart.com.br\/baixada\/wp-json\/wp\/v2\/comments?post=11247"}],"version-history":[{"count":0,"href":"https:\/\/hostnetart.com.br\/baixada\/wp-json\/wp\/v2\/posts\/11247\/revisions"}],"wp:featuredmedia":[{"embeddable":true,"href":"https:\/\/hostnetart.com.br\/baixada\/wp-json\/wp\/v2\/media\/11246"}],"wp:attachment":[{"href":"https:\/\/hostnetart.com.br\/baixada\/wp-json\/wp\/v2\/media?parent=11247"}],"wp:term":[{"taxonomy":"category","embeddable":true,"href":"https:\/\/hostnetart.com.br\/baixada\/wp-json\/wp\/v2\/categories?post=11247"},{"taxonomy":"post_tag","embeddable":true,"href":"https:\/\/hostnetart.com.br\/baixada\/wp-json\/wp\/v2\/tags?post=11247"}],"curies":[{"name":"wp","href":"https:\/\/api.w.org\/{rel}","templated":true}]}}