{"id":11245,"date":"2021-07-21T18:04:38","date_gmt":"2021-07-21T21:04:38","guid":{"rendered":"https:\/\/hostnetart.com.br\/baixada\/depois-de-pressao-dos-empregados-caixa-anuncia-novas-contratacoes\/"},"modified":"2021-07-21T18:04:38","modified_gmt":"2021-07-21T21:04:38","slug":"depois-de-pressao-dos-empregados-caixa-anuncia-novas-contratacoes","status":"publish","type":"post","link":"https:\/\/hostnetart.com.br\/baixada\/depois-de-pressao-dos-empregados-caixa-anuncia-novas-contratacoes\/","title":{"rendered":"Depois de press\u00e3o dos empregados, Caixa anuncia novas contrata\u00e7\u00f5es"},"content":{"rendered":"<p>O presidente da Caixa Econ\u00f4mica Federal, Pedro Guimar\u00e3es, anunciou na segunda-feira (19), a inten\u00e7\u00e3o de contratar dez mil trabalhadores para o banco. Deste total, quatro mil ser\u00e3o novos empregados \u2013 tr\u00eas mil dependem de autoriza\u00e7\u00e3o da Secretaria de Coordena\u00e7\u00e3o e Governan\u00e7a das Empresas Estatais (Sest) e mil ser\u00e3o chamados ap\u00f3s novo concurso p\u00fablico, a ser realizado em setembro deste ano. Estas mil vagas ser\u00e3o destinadas \u00e0s Pessoas com Defici\u00eancia (PCDs). Das 6 mil vagas restantes, 5.200 ser\u00e3o para estagi\u00e1rios e aprendizes e as outras 800,\u202fpara vigilantes e recepcionistas.<\/p>\n<p>O presidente da Federa\u00e7\u00e3o Nacional do Pessoal da Caixa Econ\u00f4mica Federal (Fenae), Sergio Takemoto, destacou que a boa not\u00edcia \u00e9 fruto das reivindica\u00e7\u00f5es das entidades; no entanto, considera o n\u00famero de contrata\u00e7\u00f5es anunciado muito aqu\u00e9m do necess\u00e1rio para suprir a defasagem de mais de 19 mil empregados nas ag\u00eancias. Takemoto fez uma cr\u00edtica ao presidente do banco. \u201cNa verdade, ele n\u00e3o est\u00e1 efetivando a contrata\u00e7\u00e3o de nenhum empregado. Das quatro mil vagas, tr\u00eas dependem de autoriza\u00e7\u00e3o e as outras mil v\u00e3o esperar a realiza\u00e7\u00e3o de um concurso. Vamos manter nossa cobran\u00e7a por mais empregados at\u00e9 que sejam realizadas\u201d, ressaltou. \u201cA Caixa vai abrir 250 novas ag\u00eancias, necess\u00e1rias para a popula\u00e7\u00e3o, mas sem empregados n\u00e3o haver\u00e1 atendimento digno, al\u00e9m de sobrecarregar ainda mais os que est\u00e3o se desdobrando nas ag\u00eancias\u201d, disse o presidente da Fenae.<\/p>\n<p>De acordo com Rita Serrano, conselheira de Administra\u00e7\u00e3o da Caixa (CA\/Caixa), o banco tem autoriza\u00e7\u00e3o da Sest para ter, no m\u00e1ximo, 84.544 empregados. O que foi aprovado no Conselho \u00e9 acrescentar mais tr\u00eas mil neste teto, o que tamb\u00e9m depende do \u00f3rg\u00e3o que coordena a governan\u00e7a das estatais. \u201cA not\u00edcia \u00e9 boa, votei a favor, mas ainda n\u00e3o supre a demanda de mais de 17 mil postos de trabalho a menos desde 2015. O presidente da Caixa tamb\u00e9m anunciou a abertura de 250 unidades, o que \u00e9 \u00f3timo. Mas a conta n\u00e3o fecha e a falta de pessoas vai continuar cr\u00f4nica\u201d, destacou.<\/p>\n<p>De acordo com o balan\u00e7o do primeiro trimestre de 2021 da Caixa, o banco tem 81.876 trabalhadores. Rita Serrano informou que a Caixa contratou nos \u00faltimos meses e, atualmente, s\u00e3o cerca de 84 mil empregados. Eram 101 em dezembro de 2014.<\/p>\n<p>A coordenadora da Comiss\u00e3o Executiva de Empregados da Caixa (CEE\/Caixa) e secret\u00e1ria da Cultura da Confedera\u00e7\u00e3o Nacional dos Trabalhadores do Ramo Financeiro (Contraf-CUT), Fabiana Uehara Proscholdt, tamb\u00e9m avaliou ser extremamente importante a contrata\u00e7\u00e3o de novos empregados e refor\u00e7ou que esse pedido \u00e9 uma pauta antiga das entidades representativas. \u201cEm todas as audi\u00eancias p\u00fablicas na qual a Caixa \u00e9 chamada n\u00f3s temos refor\u00e7ado a import\u00e2ncia de mais contrata\u00e7\u00f5es. N\u00e3o apenas para atender melhor a popula\u00e7\u00e3o, mas tamb\u00e9m para dar melhores condi\u00e7\u00f5es de trabalho para quem hoje est\u00e1 na empresa. Al\u00e9m disso, queremos que a Caixa pare com a cobran\u00e7a das metas desumanas\u201d.<\/p>\n<p>Fabiana lembrou que j\u00e1 houve resolu\u00e7\u00f5es do Congresso Nacional dos Empregados da Caixa Econ\u00f4mica Federal (Conecef) onde a Caixa deveria ter 130 mil empregados. Esse n\u00famero ainda n\u00e3o foi alcan\u00e7ado.<\/p>\n<p><strong>Contrata\u00e7\u00f5es s\u00e3o resultado de mobiliza\u00e7\u00e3o<\/strong>\u00a0\u2013 O an\u00fancio da contrata\u00e7\u00e3o de empregados, inclusive os PCDs, aconteceu depois de intensa atua\u00e7\u00e3o das entidades associativas e do movimento sindical. Em abril deste ano, a Fenae e a Contraf-CUT assistentes na A\u00e7\u00e3o Civil P\u00fablica do Minist\u00e9rio P\u00fablico do Trabalho, conseguiram confirmar a contrata\u00e7\u00e3o dos concursados que ingressaram na Caixa por meio de a\u00e7\u00f5es coletivas.<\/p>\n<p>Em 2019, o an\u00fancio da Caixa sobre a contrata\u00e7\u00e3o de duas mil pessoas com defici\u00eancia s\u00f3 aconteceu por determina\u00e7\u00e3o da Justi\u00e7a. Naquele ano, o Tribunal Regional do Trabalho (TRT) julgou uma A\u00e7\u00e3o, que tamb\u00e9m tem a Fenae como assistente, e determinou \u00e0 Caixa o cumprimento imediato da cota legal de contrata\u00e7\u00e3o de PCD, como prev\u00ea a Lei 8.213\/91.<\/p>\n<p>Com o an\u00fancio de mais mil empregados PCDs por meio de concurso, a Caixa deve se adequar \u00e0 legisla\u00e7\u00e3o, que estabelece que empresas com mais de mil empregados tenham 5% dos cargos ocupados por pessoas com defici\u00eancia ou reabilitados.<\/p>\n<p>A Fenae vai encaminhar um of\u00edcio \u00e0 dire\u00e7\u00e3o do banco solicitando informa\u00e7\u00f5es mais detalhadas sobre a autoriza\u00e7\u00e3o da Sest para a convoca\u00e7\u00e3o dos concursados de 2014, o concurso p\u00fablico para pessoas com defici\u00eancia e a diferen\u00e7a entre o n\u00famero anunciado pelo presidente e aquele aprovado pelo Conselho de Administra\u00e7\u00e3o.<\/p>\n<p><strong>Fonte: Fenae<\/strong><\/p>\n","protected":false},"excerpt":{"rendered":"<p>O presidente da Caixa Econ\u00f4mica Federal, Pedro Guimar\u00e3es, anunciou na segunda-feira (19), a inten\u00e7\u00e3o de contratar dez mil trabalhadores para o banco. Deste total, quatro mil ser\u00e3o novos empregados \u2013 tr\u00eas mil dependem de autoriza\u00e7\u00e3o da Secretaria de Coordena\u00e7\u00e3o e Governan\u00e7a das Empresas Estatais (Sest) e mil ser\u00e3o chamados ap\u00f3s novo concurso p\u00fablico, a ser [&hellip;]<\/p>\n","protected":false},"author":2,"featured_media":11244,"comment_status":"","ping_status":"","sticky":false,"template":"","format":"standard","meta":{"footnotes":""},"categories":[3],"tags":[],"class_list":["post-11245","post","type-post","status-publish","format-standard","has-post-thumbnail","hentry","category-noticias"],"_links":{"self":[{"href":"https:\/\/hostnetart.com.br\/baixada\/wp-json\/wp\/v2\/posts\/11245","targetHints":{"allow":["GET"]}}],"collection":[{"href":"https:\/\/hostnetart.com.br\/baixada\/wp-json\/wp\/v2\/posts"}],"about":[{"href":"https:\/\/hostnetart.com.br\/baixada\/wp-json\/wp\/v2\/types\/post"}],"author":[{"embeddable":true,"href":"https:\/\/hostnetart.com.br\/baixada\/wp-json\/wp\/v2\/users\/2"}],"replies":[{"embeddable":true,"href":"https:\/\/hostnetart.com.br\/baixada\/wp-json\/wp\/v2\/comments?post=11245"}],"version-history":[{"count":0,"href":"https:\/\/hostnetart.com.br\/baixada\/wp-json\/wp\/v2\/posts\/11245\/revisions"}],"wp:featuredmedia":[{"embeddable":true,"href":"https:\/\/hostnetart.com.br\/baixada\/wp-json\/wp\/v2\/media\/11244"}],"wp:attachment":[{"href":"https:\/\/hostnetart.com.br\/baixada\/wp-json\/wp\/v2\/media?parent=11245"}],"wp:term":[{"taxonomy":"category","embeddable":true,"href":"https:\/\/hostnetart.com.br\/baixada\/wp-json\/wp\/v2\/categories?post=11245"},{"taxonomy":"post_tag","embeddable":true,"href":"https:\/\/hostnetart.com.br\/baixada\/wp-json\/wp\/v2\/tags?post=11245"}],"curies":[{"name":"wp","href":"https:\/\/api.w.org\/{rel}","templated":true}]}}