{"id":11239,"date":"2021-07-21T14:02:07","date_gmt":"2021-07-21T17:02:07","guid":{"rendered":"https:\/\/hostnetart.com.br\/baixada\/movimentos-sociais-mobilizam-se-para-tomar-as-ruas-do-pais-no-proximo-sabado\/"},"modified":"2021-07-21T14:02:07","modified_gmt":"2021-07-21T17:02:07","slug":"movimentos-sociais-mobilizam-se-para-tomar-as-ruas-do-pais-no-proximo-sabado","status":"publish","type":"post","link":"https:\/\/hostnetart.com.br\/baixada\/movimentos-sociais-mobilizam-se-para-tomar-as-ruas-do-pais-no-proximo-sabado\/","title":{"rendered":"Movimentos sociais mobilizam-se para tomar as ruas do pa\u00eds no pr\u00f3ximo s\u00e1bado"},"content":{"rendered":"<p><a href=\"https:\/\/www.cut.org.br\/\" target=\"_blank\" rel=\"noopener noreferrer\">Portal CUT<\/a>\u00a0\u2013 A CUT organiza em conjunto com os movimentos sociais que formam as frentes Brasil Popular e Povo Sem Medo um grande ato pelo \u2018Fora, Bolsonaro\u2019, contra o desemprego e a fome; pelo aux\u00edlio de R$ 600; vacina j\u00e1 para todos e todas e contra a reforma Administrativa e as privatiza\u00e7\u00f5es, nas capitais e nas cidades do interior do pa\u00eds, no pr\u00f3ximo s\u00e1bado (24).\u00a0<\/p>\n<p>Os dirigentes da central est\u00e3o otimistas e acreditam que este ato ser\u00e1 o maior dos tr\u00eas j\u00e1 realizados este ano, em 29 de maio, 19 de junho e 3 de julho. \u00a0<\/p>\n<p>E para fortalecer o ato e obrigar o presidente da C\u00e2mara dos Deputados, Arthur Lira (PP-AL), a pautar um dos 120 pedidos de impeachment de Bolsonaro, inclusive o superpedido protocolado pela Central, partidos pol\u00edticos e movimentos sociais, est\u00e3o sendo organizadas plen\u00e1rias estaduais com os participantes da campanha \u2018Fora, Bolsonaro\u2019. O objetivo \u00e9, inclusive, ampliar a participa\u00e7\u00e3o de todos os segmentos que defendem o fim desse governo genocida.<\/p>\n<p>A unidade pol\u00edtica dos movimentos sociais e de outros setores da sociedade para que o ato seja o maior registrado at\u00e9 hoje \u00e9 destacada pelo secret\u00e1rio de Administra\u00e7\u00e3o e Finan\u00e7as da CUT Nacional, Ariovaldo de Camargo, e pelo diretor da Executiva Nacional da CUT, Milton dos Santos Rezende, o Miltinho. Segundo eles, ser\u00e3o muito bem-vindos aqueles que quiserem se juntar \u00e0 CUT e aos movimentos sociais na ocupa\u00e7\u00e3o das ruas com a bandeira \u2018fora, Bolsonaro\u2019.<\/p>\n<blockquote class=\"wp-block-quote\">\n<p><em>\u201cTem de ter unidade entre diversos setores, apesar das nossas opini\u00f5es diferentes. Neste momento, \u00e9 preciso abandonar essas diferen\u00e7as e caminhar no que \u00e9 convergente, no que nos unifica, que \u00e9 tirar Bolsonaro do poder\u201d<\/em>\u00a0\u2013 Ariovaldo de Camargo<\/p>\n<\/blockquote>\n<p>\u201cQuem quer o fim deste governo, o fim das mortes, que traga a sua bandeira para as ruas, independentemente de ideologia\u201d, complementa o diretor executivo Miltinho, que explica as raz\u00f5es para o povo ir \u00e0s ruas.<\/p>\n<p>\u201cEste \u00e9 um governo que n\u00e3o cuida da sa\u00fade, da educa\u00e7\u00e3o, do emprego e da renda. A cada dia aumenta a fome e a mis\u00e9ria. N\u00e3o d\u00e1 mais para suportar. \u00c9 preciso botar para fora Jair Messias Bolsonaro\u201d, pontua o dirigente.<\/p>\n<p>A atual conjuntura dram\u00e1tica, tanto do ponto de vista pol\u00edtico quanto do sanit\u00e1rio por causa da pandemia, que deve contabilizar at\u00e9 o pr\u00f3ximo m\u00eas, 600 mil mortos no pa\u00eds, pelo descaso de um governo negacionista, que demorou a comprar as vacinas, pelas suspeitas de corrup\u00e7\u00e3o de integrantes do Minist\u00e9rio da Sa\u00fade com o envolvimento de militares; os 14,7% de desempregados; os desalentados e a fome que atinge 25 milh\u00f5es de brasileiros e brasileiras s\u00e3o mais do que motivos suficientes para o povo pedir \u2018Fora, Bolsonaro\u2019, ressalta Ariovaldo, listando algumas das trag\u00e9dias do desgoverno.<\/p>\n<p class=\"has-background has-very-light-gray-background-color\">O secret\u00e1rio de Administra\u00e7\u00e3o e Finan\u00e7as da CUT Nacional \u00a0refor\u00e7a que \u00e9 fundamental que os sindicatos e os movimentos sociais organizados estejam nas ruas em peso para que o dia 24 supere as expectativas.<\/p>\n<p>\u201cA popula\u00e7\u00e3o j\u00e1 percebe que \u00e9 preciso p\u00f4r um fim a este governo que faz escolhas desastrosas para a sociedade, e isto s\u00f3 ser\u00e1 poss\u00edvel com manifesta\u00e7\u00f5es nas ruas, para que Arthur Lira abra o processo de impeachment \u201c, afirma Ariovaldo Camargo, referindo-se \u00e0s pesquisas sobre o impeachment e a imagem de Bolsonaro.<\/p>\n<p>A \u00faltima pesquisa Datafolha, realizada nos dias 7 e 8 de julho, mostrou que 54% dos brasileiros s\u00e3o a favor do impeachment de Bolsonaro. Para 51%, ele \u00e9 um presidente ruim ou p\u00e9ssimo.<\/p>\n<p>A pesquisa tamb\u00e9m mostrou que para a maioria dos brasileiros Bolsonaro \u00e9 desonesto, falso, incompetente, despreparado, indeciso, autorit\u00e1rio, favorece os ricos e mostra pouca intelig\u00eancia.<\/p>\n<h3><strong>Destruidor de pol\u00edticas p\u00fablicas<\/strong><\/h3>\n<p>O presidente da Confedera\u00e7\u00e3o Nacional dos Trabalhadores em Educa\u00e7\u00e3o (CNTE), Heleno Ara\u00fajo, ressalta que o impeachment de Bolsonaro \u00e9 para preservar as pol\u00edticas p\u00fablicas que est\u00e3o garantidas na Constitui\u00e7\u00e3o Cidad\u00e3, de 1988 e, para isso \u00e9 preciso ir \u00e0s ruas, se manifestar.<\/p>\n<p>Segundo Heleno, com as propostas de privatiza\u00e7\u00e3o e cortes no or\u00e7amento em \u00e1reas essenciais, o governo quer que a popula\u00e7\u00e3o pague pelos servi\u00e7os\u00a0 que hoje s\u00e3o p\u00fablicos, numa postura de destrui\u00e7\u00e3o completa do papel do Estado no atendimento das pol\u00edticas p\u00fablicas.<\/p>\n<p>\u201cSe o povo permitir ser\u00e1 o caos e, pior do que j\u00e1 est\u00e1. Por isso, \u00e9 preciso ocupar as ruas tanto os movimentos organizados, como a popula\u00e7\u00e3o em geral\u201d.<\/p>\n<p>\u201cTirar as pessoas da mis\u00e9ria, reduzir a pobreza \u00e9 o m\u00ednimo que um Estado deve fazer, mas Bolsonaro acha que isto \u00e9 transformar a bandeira brasileira de verde e amarela em vermelha\u201d, acrescenta Heleno.<\/p>\n<p>O dirigente cita como exemplo de desmonte os R$ 38 bilh\u00f5es retirados da educa\u00e7\u00e3o, a partir de 2015, e que o atual governo ainda privilegia os militares com mais verbas para a Defesa.<\/p>\n<p>\u201cO pa\u00eds n\u00e3o est\u00e1 em guerra para retirar recursos da educa\u00e7\u00e3o para os militares. \u00c9 um tratamento desigual. Este j\u00e1 \u00e9 um grande motivo para os professores e educadores ocuparem as ruas\u201d, convoca o presidente da CNTE.<\/p>\n<h2><span style=\"text-decoration: underline;\">Cuidados sanit\u00e1rios<\/span><\/h2>\n<p>O diretor da CUT Miltinho refor\u00e7a que \u00e9 importante o povo ir para as ruas no dia 24 de Julho tomando todos os cuidados necess\u00e1rios para se proteger do novo coronav\u00edrus, como o uso de m\u00e1scaras, \u00e1lcool em gel e evitar aglomera\u00e7\u00e3o sempre que poss\u00edvel.<\/p>\n<p>\u201cVamos levar as nossas bandeiras de reivindica\u00e7\u00e3o e de luta, pedindo o fim deste governo, mas tamb\u00e9m vamos protegidos com \u00e1lcool em gel, m\u00e1scara e evitar aglomera\u00e7\u00e3o. Todo cuidado sanit\u00e1rio \u00e9 muito importante\u201d, refor\u00e7a o diretor da CUT.<\/p>\n<h2><strong>Organiza\u00e7\u00e3o dos atos<\/strong><\/h2>\n<p>Faltando poucos dias para o \u2018Fora, Bolsonaro\u2019 algumas capitais e cidades j\u00e1 t\u00eam parte da programa\u00e7\u00e3o agendada. Em breve outras localidades ser\u00e3o acrescidas \u00e0 lista.<\/p>\n<h3>Confira onde j\u00e1 tem atos marcados<\/h3>\n<p><strong>Alagoas<\/strong><\/p>\n<p>. Macei\u00f3 \u2013 \u00e0s 9h tem concentra\u00e7\u00e3o na Pra\u00e7a dos Mart\u00edrios<\/p>\n<p><strong>Bahia<\/strong><\/p>\n<p>. Salvador \u2013 \u00e0s 10h tem in\u00edcio uma passeata em Campo Grande rumo Pra\u00e7a Castro Alves.<\/p>\n<p><strong>Cear\u00e1<\/strong><\/p>\n<p>. Fortaleza \u2013 \u00e0s 15h, tem ato na Pra\u00e7a Portugal<\/p>\n<p><strong>Distrito Federal<\/strong><\/p>\n<p>. Bras\u00edlia \u2013 \u00e0s 15h, concentra\u00e7\u00e3o no Museu da Rep\u00fablica, e \u00e0s 16h marcha rumo ao Congresso Nacional<\/p>\n<p><strong>Goi\u00e1s<\/strong><\/p>\n<p>. Goi\u00e2nia \u2013 \u00e0s 10h tem ato na Pra\u00e7a do Trabalhador<\/p>\n<p><strong>Maranh\u00e3o<\/strong><\/p>\n<p>. S\u00e3o Lu\u00eds \u2013 \u00e0s 9h tem ato na Pra\u00e7a Deodoro<\/p>\n<p><strong>Mato Grosso do Sul<\/strong><\/p>\n<p>. Campo Grande \u2013 \u00e0s 9h tem ato na Pra\u00e7a do R\u00e1dio<\/p>\n<p><strong>Par\u00e1<\/strong><\/p>\n<p>. Bragan\u00e7a, \u00e0s 8h, na Pra\u00e7a das Bandeiras<\/p>\n<p>. Altamira \u2013 8h, em frente a Celpa Equatorial<\/p>\n<p><strong>Piau\u00ed<\/strong><\/p>\n<p>. Teresina \u2013 8h tem concentra\u00e7\u00e3o na Pra\u00e7a Rio Branco<\/p>\n<p><strong>Pernambuco<\/strong><\/p>\n<p>. Recife \u2013 \u00e0s 10h, concentra\u00e7\u00e3o no Derby, \u00e0s 11h tem inicio a caminhada em dire\u00e7\u00e3o a Avenida Guararapes<\/p>\n<p>. Garanhuns \u2013 9h Fonte Luminosa<\/p>\n<p>. Palmares \u2013 9h Pra\u00e7a Paulo Paranhos<\/p>\n<p>. Petrol\u00e2ndia \u2013 7h30 Polo e SRT<\/p>\n<p>. Petrolina \u2013 9h Pra\u00e7a da Catedral<\/p>\n<p>. S\u00e3o Jos\u00e9 do Egito \u2013 8h Feira Livre<\/p>\n<p>. Serra Talhada \u2013 10h P\u00e1tio da Feira<\/p>\n<p><strong>Rio de Janeiro<\/strong><\/p>\n<p>. Rio de Janeiro, \u00e0s 10h, concentra\u00e7\u00e3o no Monumento Zumbi dos Palmares, no centro da cidade, depois caminhada pela Avenida Presidente Vargas at\u00e9\u00a0a Candel\u00e1ria.<\/p>\n<p>. Angra dos Reis \u2013 \u00a010h, na Pra\u00e7a do Pap\u00e3o, Centro<\/p>\n<p>. Barra do Pira\u00ed \u2013 9h, na Pra\u00e7a Nilo Pe\u00e7anha<\/p>\n<p>. B\u00fazios \u2013 16h, na Pra\u00e7a da Escola Nicomedes (Em frente ao Porto da Barra)<\/p>\n<p>. Campos \u2013 10h, na Pra\u00e7a\u00a0 S\u00e3o Salvador<\/p>\n<p>. Nova Friburgo \u2013 14h, na\u00a0 Pra\u00e7a Get\u00falio Vargas<\/p>\n<p>. Petr\u00f3polis \u2013 11h, na Pra\u00e7a da Inconfid\u00eancia<\/p>\n<p>. Resende \u2013 10h, no Mercado Popular<\/p>\n<p>. S\u00e3o Fid\u00e9lis, \u00e0s 10h, na Pra\u00e7a Guilherme Tito de Azevedo\u00a0<\/p>\n<p>. Teres\u00f3polis, 9h, concentra\u00e7\u00e3o na Pra\u00e7a do Sakura, depois passeata na Cal\u00e7ada da Fama<\/p>\n<p><strong>Rio Grande do Sul<\/strong><\/p>\n<p>. Porto Alegre \u2013\u00a0\u00e0s 15h: Marcha dos 100 mil, com concentra\u00e7\u00e3o no Largo Gl\u00eanio Peres.<\/p>\n<p><strong>Rond\u00f4nia<\/strong><\/p>\n<p>. Porto Velho, \u00e0s 8h30 tem ato na praca CEU (Centro de Esportes e artes unificado), Rua Ant\u00f4nio Fraga 8250, em frente \u00e0 escola Daniel N\u00e9ri.<\/p>\n<p>E \u00e0s 16h, tem ato no Campo Florest\u00e3o, Avenida Jatuarana<\/p>\n<p><strong>Santa Catarina<\/strong><\/p>\n<p>. Florian\u00f3polis \u2013 Largo da Alf\u00e2ndega \u2013 13h<\/p>\n<p>. Blumenau \u2013 Pra\u00e7a Dr. Blumenau \u2013 15h<\/p>\n<p>. Brusque \u2013 10h \u2013 Ponte Estaiada<\/p>\n<p>. Chapec\u00f3 \u2013 14h \u2013 em frente \u00e0 Catedral<\/p>\n<p>. Crici\u00fama \u2013 9h30 \u2013 Rua da Arquibancada (ao lado do Parque das Na\u00e7\u00f5es) \u2013<\/p>\n<p>. Garopaba \u2013 15h \u2013 Rua \u00c1lvaro E. dos Santos<\/p>\n<p>. Jaragu\u00e1 do Sul \u2013 9h \u2013 Pra\u00e7a \u00c2ngelo Piazera<\/p>\n<p>. Joinville \u2013 9h30 \u2013 Pra\u00e7a da Bandeira<\/p>\n<p>. Lages \u2013 Cal\u00e7ad\u00e3o \u2013 10h<\/p>\n<p>. Rio do Sul \u2013 9h30 \u2013 Pra\u00e7a da Catedral<\/p>\n<p>. Tubar\u00e3o \u2013 14h \u2013 Pra\u00e7a da Igreja (Matriz das Oficinas)<\/p>\n<p><strong>S\u00e3o Paulo<\/strong><\/p>\n<p>. S\u00e3o Paulo, \u00e0s 15h, tem ato na Avenida Paulista, em frente ao Masp<\/p>\n<p>. Araraquara, \u00e0s 14h, na Pra\u00e7a Scalamandr\u00e9 Sobrinho<\/p>\n<p>. Osasco, 12h30, no Largo do Osasco<\/p>\n<p><strong>Sergipe<\/strong><\/p>\n<p>. Aracaju, \u00e0s 14h, na Pra\u00e7a do Leite Neto, vizinho ao Pal\u00e1cio do Governo (Avenida Hermes Fontes)<\/p>\n<p><strong>Exterior<\/strong><\/p>\n<p><strong>Portugal<\/strong><\/p>\n<p>. Porto \u2013 16h30 \u2013 ( hora local) \u2013 em frente ao Centro Portugu\u00eas de Fotografia<\/p>\n<p>. Lisboa \u2013 18h, na Pra\u00e7a Dom Pedro IV\u00a0<\/p>\n<p><strong>Fonte: Rede Brasil Atual<\/strong><\/p>\n","protected":false},"excerpt":{"rendered":"<p>Portal CUT\u00a0\u2013 A CUT organiza em conjunto com os movimentos sociais que formam as frentes Brasil Popular e Povo Sem Medo um grande ato pelo \u2018Fora, Bolsonaro\u2019, contra o desemprego e a fome; pelo aux\u00edlio de R$ 600; vacina j\u00e1 para todos e todas e contra a reforma Administrativa e as privatiza\u00e7\u00f5es, nas capitais e [&hellip;]<\/p>\n","protected":false},"author":2,"featured_media":11238,"comment_status":"","ping_status":"","sticky":false,"template":"","format":"standard","meta":{"footnotes":""},"categories":[3],"tags":[],"class_list":["post-11239","post","type-post","status-publish","format-standard","has-post-thumbnail","hentry","category-noticias"],"_links":{"self":[{"href":"https:\/\/hostnetart.com.br\/baixada\/wp-json\/wp\/v2\/posts\/11239","targetHints":{"allow":["GET"]}}],"collection":[{"href":"https:\/\/hostnetart.com.br\/baixada\/wp-json\/wp\/v2\/posts"}],"about":[{"href":"https:\/\/hostnetart.com.br\/baixada\/wp-json\/wp\/v2\/types\/post"}],"author":[{"embeddable":true,"href":"https:\/\/hostnetart.com.br\/baixada\/wp-json\/wp\/v2\/users\/2"}],"replies":[{"embeddable":true,"href":"https:\/\/hostnetart.com.br\/baixada\/wp-json\/wp\/v2\/comments?post=11239"}],"version-history":[{"count":0,"href":"https:\/\/hostnetart.com.br\/baixada\/wp-json\/wp\/v2\/posts\/11239\/revisions"}],"wp:featuredmedia":[{"embeddable":true,"href":"https:\/\/hostnetart.com.br\/baixada\/wp-json\/wp\/v2\/media\/11238"}],"wp:attachment":[{"href":"https:\/\/hostnetart.com.br\/baixada\/wp-json\/wp\/v2\/media?parent=11239"}],"wp:term":[{"taxonomy":"category","embeddable":true,"href":"https:\/\/hostnetart.com.br\/baixada\/wp-json\/wp\/v2\/categories?post=11239"},{"taxonomy":"post_tag","embeddable":true,"href":"https:\/\/hostnetart.com.br\/baixada\/wp-json\/wp\/v2\/tags?post=11239"}],"curies":[{"name":"wp","href":"https:\/\/api.w.org\/{rel}","templated":true}]}}