{"id":11237,"date":"2021-07-21T00:32:49","date_gmt":"2021-07-21T03:32:49","guid":{"rendered":"https:\/\/hostnetart.com.br\/baixada\/nota-de-falecimento-6\/"},"modified":"2021-07-21T00:32:49","modified_gmt":"2021-07-21T03:32:49","slug":"nota-de-falecimento-6","status":"publish","type":"post","link":"https:\/\/hostnetart.com.br\/baixada\/nota-de-falecimento-6\/","title":{"rendered":"Nota de Falecimento"},"content":{"rendered":"<p>O Sindicato dos Banc\u00e1rios da Baixada Fluminense lamenta o falecimento do companheiro Marco Aur\u00e9lio Hamellin, v\u00edtima de Covid-19.\u00a0<\/p>\n<p>Marquinho, como era carinhosamente chamado, foi um guerreiro. Militava em defesa dos direitos dos trabalhadores\u00a0e que emprestou seu talento art\u00edstico para ilustrar, in\u00fameras vezes, as reivindica\u00e7\u00f5es da categoria banc\u00e1ria, em atividades que reuniam diversos Sindicatos nas ruas e nas ag\u00eancias. Marco Hamellin era\u00a0colaborador e prestador de servi\u00e7os do Sindicato dos Banc\u00e1rios do Rio de Janeiro.\u00a0<\/p>\n<p>Nossa solidariedade aos familiares e amigos.<\/p>\n<p><span style=\"font-size: 12.16px;\">Hamellin, presente!<\/span><\/p>\n","protected":false},"excerpt":{"rendered":"<p>O Sindicato dos Banc\u00e1rios da Baixada Fluminense lamenta o falecimento do companheiro Marco Aur\u00e9lio Hamellin, v\u00edtima de Covid-19.\u00a0 Marquinho, como era carinhosamente chamado, foi um guerreiro. Militava em defesa dos direitos dos trabalhadores\u00a0e que emprestou seu talento art\u00edstico para ilustrar, in\u00fameras vezes, as reivindica\u00e7\u00f5es da categoria banc\u00e1ria, em atividades que reuniam diversos Sindicatos nas ruas [&hellip;]<\/p>\n","protected":false},"author":2,"featured_media":11236,"comment_status":"","ping_status":"","sticky":false,"template":"","format":"standard","meta":{"footnotes":""},"categories":[3],"tags":[],"class_list":["post-11237","post","type-post","status-publish","format-standard","has-post-thumbnail","hentry","category-noticias"],"_links":{"self":[{"href":"https:\/\/hostnetart.com.br\/baixada\/wp-json\/wp\/v2\/posts\/11237","targetHints":{"allow":["GET"]}}],"collection":[{"href":"https:\/\/hostnetart.com.br\/baixada\/wp-json\/wp\/v2\/posts"}],"about":[{"href":"https:\/\/hostnetart.com.br\/baixada\/wp-json\/wp\/v2\/types\/post"}],"author":[{"embeddable":true,"href":"https:\/\/hostnetart.com.br\/baixada\/wp-json\/wp\/v2\/users\/2"}],"replies":[{"embeddable":true,"href":"https:\/\/hostnetart.com.br\/baixada\/wp-json\/wp\/v2\/comments?post=11237"}],"version-history":[{"count":0,"href":"https:\/\/hostnetart.com.br\/baixada\/wp-json\/wp\/v2\/posts\/11237\/revisions"}],"wp:featuredmedia":[{"embeddable":true,"href":"https:\/\/hostnetart.com.br\/baixada\/wp-json\/wp\/v2\/media\/11236"}],"wp:attachment":[{"href":"https:\/\/hostnetart.com.br\/baixada\/wp-json\/wp\/v2\/media?parent=11237"}],"wp:term":[{"taxonomy":"category","embeddable":true,"href":"https:\/\/hostnetart.com.br\/baixada\/wp-json\/wp\/v2\/categories?post=11237"},{"taxonomy":"post_tag","embeddable":true,"href":"https:\/\/hostnetart.com.br\/baixada\/wp-json\/wp\/v2\/tags?post=11237"}],"curies":[{"name":"wp","href":"https:\/\/api.w.org\/{rel}","templated":true}]}}