{"id":11227,"date":"2021-07-16T12:27:06","date_gmt":"2021-07-16T15:27:06","guid":{"rendered":"https:\/\/hostnetart.com.br\/baixada\/vacinacao-reduz-mortes-por-covid-mas-falsa-sensacao-de-seguranca-preocupa\/"},"modified":"2021-07-16T12:27:06","modified_gmt":"2021-07-16T15:27:06","slug":"vacinacao-reduz-mortes-por-covid-mas-falsa-sensacao-de-seguranca-preocupa","status":"publish","type":"post","link":"https:\/\/hostnetart.com.br\/baixada\/vacinacao-reduz-mortes-por-covid-mas-falsa-sensacao-de-seguranca-preocupa\/","title":{"rendered":"Vacina\u00e7\u00e3o reduz mortes por covid, mas falsa sensa\u00e7\u00e3o de seguran\u00e7a preocupa"},"content":{"rendered":"<p>O Brasil registrou 1.584\u00a0<a href=\"https:\/\/www.redebrasilatual.com.br\/tag\/coronavirus\/\" target=\"_blank\" rel=\"noopener noreferrer\">mortes pela covid-19 nas \u00faltimas 24 horas,\u00a0<\/a>e 538.942 brasileiros j\u00e1 morreram em decorr\u00eancia do v\u00edrus desde o in\u00edcio da pandemia. Em rela\u00e7\u00e3o ao n\u00famero de novos casos de covid-19 confirmados, o \u00faltimo per\u00edodo foi marcado por 52.789, totalizando 19.262.518. O Brasil j\u00e1 consegue colher resultados positivos mesmo com um patamar de vacina\u00e7\u00e3o contra a covid-19 ainda considerado baixo, com 16% da popula\u00e7\u00e3o imunizada com duas doses. Com a demora, o pa\u00eds \u00e9 o que contou mais mortos pelo coronav\u00edrus em 2021 e segundo no quadro geral, atr\u00e1s apenas dos Estados Unidos.<\/p>\n<p>Embora o n\u00edvel da\u00a0<a href=\"https:\/\/www.redebrasilatual.com.br\/saude-e-ciencia\/2021\/07\/variante-delta-casos-brasil-brasil-536-mil-mortes\/\" target=\"_blank\" rel=\"noopener noreferrer\">covid-19 siga elevado<\/a>, as curvas epidemiol\u00f3gicas seguem em tend\u00eancia de queda, especialmente a partir da segunda quinzena de junho. A m\u00e9dia m\u00f3vel de mortes di\u00e1rias, calculada em sete dias, est\u00e1 em 1.252, alcan\u00e7ando o menor patamar desde o dia 1\u00ba de mar\u00e7o, enquanto a m\u00e9dia de novos, 42.822, \u00e9 a menor desde o dia 7 de janeiro. \u201c<a href=\"https:\/\/www.redebrasilatual.com.br\/saude-e-ciencia\/2021\/07\/vacinas-salvaram-60-mil-vidas-brasil\/\" target=\"_blank\" rel=\"noopener noreferrer\">Vacinar ajuda, protege<\/a>\u201c, afirma o pesquisador da Funda\u00e7\u00e3o Oswaldo Cruz (Fiocruz), Marcelo Gomes.<\/p>\n<p>Gomes \u00e9 respons\u00e1vel t\u00e9cnico pela elabora\u00e7\u00e3o dos boletins InfoGripe da entidade, que medem a dissemina\u00e7\u00e3o de v\u00edrus que se espalham por vias a\u00e9reas, como o Sars-CoV-2. Ele comemora os bons resultados obtidos com o avan\u00e7o da vacina\u00e7\u00e3o, mas<a href=\"https:\/\/www.redebrasilatual.com.br\/saude-e-ciencia\/2021\/07\/mesmo-com-covid-19-em-queda-especialistas-criticam-libera-geral\/\" target=\"_blank\" rel=\"noopener noreferrer\">\u00a0reafirma a necessidade de manter cuidados<\/a>. \u201c\u00c9 isso que estamos vendo (a redu\u00e7\u00e3o nos n\u00fameros). Mas ainda n\u00e3o \u00e9 tudo. Precisamos baixar a transmiss\u00e3o\u201d, disse.<\/p>\n<div class=\"wp-block-image\">\n<figure class=\"aligncenter size-large\"><img decoding=\"async\" class=\"wp-image-505410 lazyloaded\" src=\"https:\/\/www.redebrasilatual.com.br\/wp-content\/uploads\/2021\/07\/mortes-covid-1.jpg\" sizes=\"(max-width: 541px) 100vw, 541px\" srcset=\"https:\/\/www.redebrasilatual.com.br\/wp-content\/uploads\/2021\/07\/mortes-covid-1.jpg 541w, https:\/\/www.redebrasilatual.com.br\/wp-content\/uploads\/2021\/07\/mortes-covid-1-360x116.jpg 360w\" alt=\"\" data-ll-status=\"loaded\" \/><figcaption>N\u00fameros da covid-19 no Brasil. Fonte: Conass<\/figcaption><\/figure>\n<\/div>\n<h2><span style=\"text-decoration: underline;\">Tend\u00eancias opostas<\/span><\/h2>\n<p>Quem est\u00e1 puxando os n\u00fameros do coronav\u00edrus para baixo no Brasil s\u00e3o os grupos de idade mais avan\u00e7ada, que em grande parte j\u00e1 passaram por etapas completas de vacina\u00e7\u00e3o contra a covid-19. \u201cAs curvas para os idosos ca\u00edram mas seguem num patamar pr\u00f3ximos ao pico de 2020\u201d, aponta o pesquisador da Fiocruz Leo Bastos.<\/p>\n<p>Bastos observa que a tend\u00eancia n\u00e3o \u00e9 verificada entre os mais jovens. Ao contr\u00e1rio, nos grupos ainda n\u00e3o vacinados a covid-19 segue tend\u00eancia de alta. \u201cVacinas funcionam! Se olharmos as curvas para as faixas et\u00e1rias de 20 a 59 anos vemos uma segunda retomada em 2021, isso n\u00e3o acontece nos grupos com maior cobertura vacinal\u201d, explica.<\/p>\n<p>Dados da Fiocruz indicam altera\u00e7\u00e3o no padr\u00e3o de internados por complica\u00e7\u00f5es da covid-19. Em maio de 2020, a faixa et\u00e1ria de 0 a 39 anos representava 15% dos internados, de 40 a 59, 32% e acima de 60, 53%. Em maio deste ano, o panorama se inverteu, com aumento de interna\u00e7\u00f5es entre os mais jovens; de 0 a 39 anos representavam 20%, de 40 a 59, 51%, e acima de 60 anos, 29%.<\/p>\n<div class=\"wp-block-image\">\n<figure class=\"aligncenter size-large\"><img decoding=\"async\" class=\"wp-image-505405 lazyloaded\" src=\"https:\/\/www.redebrasilatual.com.br\/wp-content\/uploads\/2021\/07\/mortes-covid.jpg\" sizes=\"(max-width: 721px) 100vw, 721px\" srcset=\"https:\/\/www.redebrasilatual.com.br\/wp-content\/uploads\/2021\/07\/mortes-covid.jpg 721w, https:\/\/www.redebrasilatual.com.br\/wp-content\/uploads\/2021\/07\/mortes-covid-360x289.jpg 360w\" alt=\"vacina\u00e7\u00e3o covid-19\" data-ll-status=\"loaded\" \/><figcaption>Curvas de mortes por covid-19 em rela\u00e7\u00e3o \u00e0 idade. Vacina\u00e7\u00e3o contra a covid-19 levou a queda brusca entre mais velhos e crescimento entre mais jovens. Fonte: Fiocruz<\/figcaption><\/figure>\n<\/div>\n<h2><span style=\"text-decoration: underline;\">Falsa seguran\u00e7a<\/span><\/h2>\n<p>Como argumentam os cientistas, a situa\u00e7\u00e3o segue inspirando cautela, porque bons resultados da vacina\u00e7\u00e3o levam a popula\u00e7\u00e3o a uma falsa, ou precipitada, sensa\u00e7\u00e3o de seguran\u00e7a. Pesquisa divulgada na noite de ontem (14) pelo\u00a0<a href=\"https:\/\/www1.folha.uol.com.br\/equilibrioesaude\/2021\/07\/pela-primeira-vez-maioria-acha-que-pandemia-de-covid-esta-controlada-no-pais-diz-datafolha.shtml\">Datafolha<\/a>\u00a0confirma essa tend\u00eancia. Mais da metade da popula\u00e7\u00e3o, 53%, acredita que a pandemia est\u00e1 parcialmente controlada. Os que acreditam estar totalmente controlada s\u00e3o 5%; que consideram fora de controle, 41% e 1% n\u00e3o soube responder.<\/p>\n<p>Em mar\u00e7o, quando o pa\u00eds passava pelo pior momento da pandemia at\u00e9 ent\u00e3o, 79% acreditavam no descontrole. Outro dado levantado pelo instituto foi sobre a vis\u00e3o da popula\u00e7\u00e3o sobre a velocidade da vacina\u00e7\u00e3o. Em mar\u00e7o, 76% afirmavam estar mais lenta do que deveria, este n\u00famero caiu para 60%. Os que acreditam estar dentro do prazo foram de 19% para 25%. Quem acredita estar r\u00e1pida, flutuou de 2% para 3%.<\/p>\n<p>Esc\u00e2ndalos envolvendo suposta prevarica\u00e7\u00e3o do governo Bolsonaro e tamb\u00e9m corrup\u00e7\u00e3o impediram a vacina\u00e7\u00e3o mais \u00e1gil dos brasileiros. Al\u00e9m disso, pesa o negacionismo do presidente que, desde o in\u00edcio da pandemia, adotou uma postura de negar a gravidade da doen\u00e7a, promover e estimular aglomera\u00e7\u00f5es e divulgar ataques mentirosos contra vacinas e uso de m\u00e1scaras. At\u00e9 o momento, 44,83% da popula\u00e7\u00e3o j\u00e1 recebeu uma dose de vacina e 16,06% duas doses. O n\u00famero de doses aplicadas est\u00e1 em 119 milh\u00f5es.<\/p>\n<hr class=\"wp-block-separator is-style-wide\" \/>\n<p><em>A\u00a0<strong>RBA<\/strong>\u00a0utiliza informa\u00e7\u00f5es do Conselho Nacional dos Secret\u00e1rios de Sa\u00fade\u00a0<strong>(<a href=\"https:\/\/www.conass.org.br\/painelconasscovid19\/\" target=\"_blank\" rel=\"noopener noreferrer\">Conass<\/a>)<\/strong>. Eventualmente, elas podem divergir do informado pelo cons\u00f3rcio da imprensa comercial. Isso em fun\u00e7\u00e3o do hor\u00e1rio em que os dados s\u00e3o repassados pelos estados. As diverg\u00eancias, para mais ou para menos, s\u00e3o sempre ajustadas ap\u00f3s a atualiza\u00e7\u00e3o dos dados.<\/em><\/p>\n<p><strong>Fonte: Rede Brasil Atual<\/strong><\/p>\n","protected":false},"excerpt":{"rendered":"<p>O Brasil registrou 1.584\u00a0mortes pela covid-19 nas \u00faltimas 24 horas,\u00a0e 538.942 brasileiros j\u00e1 morreram em decorr\u00eancia do v\u00edrus desde o in\u00edcio da pandemia. Em rela\u00e7\u00e3o ao n\u00famero de novos casos de covid-19 confirmados, o \u00faltimo per\u00edodo foi marcado por 52.789, totalizando 19.262.518. O Brasil j\u00e1 consegue colher resultados positivos mesmo com um patamar de vacina\u00e7\u00e3o [&hellip;]<\/p>\n","protected":false},"author":2,"featured_media":11226,"comment_status":"","ping_status":"","sticky":false,"template":"","format":"standard","meta":{"footnotes":""},"categories":[3],"tags":[],"class_list":["post-11227","post","type-post","status-publish","format-standard","has-post-thumbnail","hentry","category-noticias"],"_links":{"self":[{"href":"https:\/\/hostnetart.com.br\/baixada\/wp-json\/wp\/v2\/posts\/11227","targetHints":{"allow":["GET"]}}],"collection":[{"href":"https:\/\/hostnetart.com.br\/baixada\/wp-json\/wp\/v2\/posts"}],"about":[{"href":"https:\/\/hostnetart.com.br\/baixada\/wp-json\/wp\/v2\/types\/post"}],"author":[{"embeddable":true,"href":"https:\/\/hostnetart.com.br\/baixada\/wp-json\/wp\/v2\/users\/2"}],"replies":[{"embeddable":true,"href":"https:\/\/hostnetart.com.br\/baixada\/wp-json\/wp\/v2\/comments?post=11227"}],"version-history":[{"count":0,"href":"https:\/\/hostnetart.com.br\/baixada\/wp-json\/wp\/v2\/posts\/11227\/revisions"}],"wp:featuredmedia":[{"embeddable":true,"href":"https:\/\/hostnetart.com.br\/baixada\/wp-json\/wp\/v2\/media\/11226"}],"wp:attachment":[{"href":"https:\/\/hostnetart.com.br\/baixada\/wp-json\/wp\/v2\/media?parent=11227"}],"wp:term":[{"taxonomy":"category","embeddable":true,"href":"https:\/\/hostnetart.com.br\/baixada\/wp-json\/wp\/v2\/categories?post=11227"},{"taxonomy":"post_tag","embeddable":true,"href":"https:\/\/hostnetart.com.br\/baixada\/wp-json\/wp\/v2\/tags?post=11227"}],"curies":[{"name":"wp","href":"https:\/\/api.w.org\/{rel}","templated":true}]}}