{"id":11223,"date":"2021-07-15T14:06:14","date_gmt":"2021-07-15T17:06:14","guid":{"rendered":"https:\/\/hostnetart.com.br\/baixada\/ministerio-da-saude-divulga-nota-que-autoriza-vacinacao-de-bancarios\/"},"modified":"2021-07-15T14:06:14","modified_gmt":"2021-07-15T17:06:14","slug":"ministerio-da-saude-divulga-nota-que-autoriza-vacinacao-de-bancarios","status":"publish","type":"post","link":"https:\/\/hostnetart.com.br\/baixada\/ministerio-da-saude-divulga-nota-que-autoriza-vacinacao-de-bancarios\/","title":{"rendered":"Minist\u00e9rio da Sa\u00fade divulga nota que autoriza vacina\u00e7\u00e3o de banc\u00e1rios"},"content":{"rendered":"<p>O Minist\u00e9rio da Sa\u00fade divulgou nesta quinta-feira (15) nota t\u00e9cnica que confirma a inclus\u00e3o de banc\u00e1rios e trabalhadores dos Correios na lista de grupos priorit\u00e1rios do Plano Nacional de Imuniza\u00e7\u00e3o (PNI) contra a Covid-19. Com a publica\u00e7\u00e3o da nota, secretarias de sa\u00fade de Estados e Munic\u00edpios j\u00e1 podem iniciar a vacina\u00e7\u00e3o das duas categorias. Na nota t\u00e9cnica, o Minist\u00e9rio da Sa\u00fade orienta que sejam destinados aos banc\u00e1rios e trabalhadores dos Correios 20% do total de doses de vacinas distribu\u00eddas \u00e0s unidades da Federa\u00e7\u00e3o.<\/p>\n<p>Na ter\u00e7a-feira (6) da semana passada, o Minist\u00e9rio da Sa\u00fade informou a inclus\u00e3o da categoria banc\u00e1ria entre as prioridades do PNI contra a Covid-19. Na ocasi\u00e3o, o Minist\u00e9rio informou que a nota t\u00e9cnica seria divulgada at\u00e9 o final daquela semana, o que acabou n\u00e3o acontecendo. Desde ent\u00e3o, sindicatos e federa\u00e7\u00f5es de banc\u00e1rios de todo o Brasil come\u00e7aram a pressionar prefeituras e governos estaduais para agilizarem o cumprimento da defini\u00e7\u00e3o. Em v\u00e1rias cidades, prefeitos come\u00e7aram a vacinar banc\u00e1rias e banc\u00e1rios de ag\u00eancias locais.<\/p>\n<p><strong>Fonte: Contraf-CUT<\/strong><\/p>\n","protected":false},"excerpt":{"rendered":"<p>O Minist\u00e9rio da Sa\u00fade divulgou nesta quinta-feira (15) nota t\u00e9cnica que confirma a inclus\u00e3o de banc\u00e1rios e trabalhadores dos Correios na lista de grupos priorit\u00e1rios do Plano Nacional de Imuniza\u00e7\u00e3o (PNI) contra a Covid-19. Com a publica\u00e7\u00e3o da nota, secretarias de sa\u00fade de Estados e Munic\u00edpios j\u00e1 podem iniciar a vacina\u00e7\u00e3o das duas categorias. Na [&hellip;]<\/p>\n","protected":false},"author":2,"featured_media":11222,"comment_status":"","ping_status":"","sticky":false,"template":"","format":"standard","meta":{"footnotes":""},"categories":[3],"tags":[],"class_list":["post-11223","post","type-post","status-publish","format-standard","has-post-thumbnail","hentry","category-noticias"],"_links":{"self":[{"href":"https:\/\/hostnetart.com.br\/baixada\/wp-json\/wp\/v2\/posts\/11223","targetHints":{"allow":["GET"]}}],"collection":[{"href":"https:\/\/hostnetart.com.br\/baixada\/wp-json\/wp\/v2\/posts"}],"about":[{"href":"https:\/\/hostnetart.com.br\/baixada\/wp-json\/wp\/v2\/types\/post"}],"author":[{"embeddable":true,"href":"https:\/\/hostnetart.com.br\/baixada\/wp-json\/wp\/v2\/users\/2"}],"replies":[{"embeddable":true,"href":"https:\/\/hostnetart.com.br\/baixada\/wp-json\/wp\/v2\/comments?post=11223"}],"version-history":[{"count":0,"href":"https:\/\/hostnetart.com.br\/baixada\/wp-json\/wp\/v2\/posts\/11223\/revisions"}],"wp:featuredmedia":[{"embeddable":true,"href":"https:\/\/hostnetart.com.br\/baixada\/wp-json\/wp\/v2\/media\/11222"}],"wp:attachment":[{"href":"https:\/\/hostnetart.com.br\/baixada\/wp-json\/wp\/v2\/media?parent=11223"}],"wp:term":[{"taxonomy":"category","embeddable":true,"href":"https:\/\/hostnetart.com.br\/baixada\/wp-json\/wp\/v2\/categories?post=11223"},{"taxonomy":"post_tag","embeddable":true,"href":"https:\/\/hostnetart.com.br\/baixada\/wp-json\/wp\/v2\/tags?post=11223"}],"curies":[{"name":"wp","href":"https:\/\/api.w.org\/{rel}","templated":true}]}}