{"id":11221,"date":"2021-07-15T13:32:36","date_gmt":"2021-07-15T16:32:36","guid":{"rendered":"https:\/\/hostnetart.com.br\/baixada\/comando-nacional-dos-bancarios-continua-na-luta-pela-vacinacao-de-todos-os-bancarios\/"},"modified":"2021-07-15T13:32:36","modified_gmt":"2021-07-15T16:32:36","slug":"comando-nacional-dos-bancarios-continua-na-luta-pela-vacinacao-de-todos-os-bancarios","status":"publish","type":"post","link":"https:\/\/hostnetart.com.br\/baixada\/comando-nacional-dos-bancarios-continua-na-luta-pela-vacinacao-de-todos-os-bancarios\/","title":{"rendered":"Comando Nacional dos Banc\u00e1rios continua na luta pela vacina\u00e7\u00e3o de todos os banc\u00e1rios"},"content":{"rendered":"<p>O Comando Nacional dos Banc\u00e1rios continua com todos os esfor\u00e7os para garantir vacina\u00e7\u00e3o priorit\u00e1ria para todos os banc\u00e1rios.\u00a0<a href=\"https:\/\/contrafcut.com.br\/noticias\/categoria-bancaria-e-incluida-na-vacina-prioritaria-contra-a-covid-19\/\" target=\"_blank\" rel=\"noopener noreferrer\">A luta, que come\u00e7ou h\u00e1 muito tempo, conquistou \u2013 na semana passada \u2013 o an\u00fancio do Minist\u00e9rio da Sa\u00fade da inclus\u00e3o da categoria banc\u00e1ria entre as prioridades do Plano Nacional de Imuniza\u00e7\u00e3o (PNI) contra a Covid-19<\/a>.<\/p>\n<p>Entretanto, a batalha continua, como explica Mauro Salles, secret\u00e1rio de Sa\u00fade da Confedera\u00e7\u00e3o Nacional dos Trabalhadores do Ramo Financeiro (Contraf-CUT). \u201cHouve o compromisso do ministro da Sa\u00fade de emitir nota t\u00e9cnica at\u00e9 a \u00faltima sexta-feira. Mas, at\u00e9 agora nada. Estamos cobrando o compromisso.\u201d<\/p>\n<p>Mauro lembrou ainda que os sindicatos e federa\u00e7\u00f5es de banc\u00e1rios de todo o Brasil tamb\u00e9m est\u00e3o dialogando com prefeituras e governos estaduais para que agilizarem o cumprimento desta defini\u00e7\u00e3o. \u201cCada dia de atraso, pode significar preju\u00edzos \u00e0 sa\u00fade e \u00e0 preserva\u00e7\u00e3o da vida. Tamb\u00e9m estamos em contato permanente com os bancos para fornecer as informa\u00e7\u00f5es necess\u00e1rias para efetivar a vacina\u00e7\u00e3o\u201d, completou.<\/p>\n<p><strong>Fonte: Contraf-CUT<\/strong><\/p>\n","protected":false},"excerpt":{"rendered":"<p>O Comando Nacional dos Banc\u00e1rios continua com todos os esfor\u00e7os para garantir vacina\u00e7\u00e3o priorit\u00e1ria para todos os banc\u00e1rios.\u00a0A luta, que come\u00e7ou h\u00e1 muito tempo, conquistou \u2013 na semana passada \u2013 o an\u00fancio do Minist\u00e9rio da Sa\u00fade da inclus\u00e3o da categoria banc\u00e1ria entre as prioridades do Plano Nacional de Imuniza\u00e7\u00e3o (PNI) contra a Covid-19. Entretanto, a [&hellip;]<\/p>\n","protected":false},"author":2,"featured_media":11220,"comment_status":"","ping_status":"","sticky":false,"template":"","format":"standard","meta":{"footnotes":""},"categories":[3],"tags":[],"class_list":["post-11221","post","type-post","status-publish","format-standard","has-post-thumbnail","hentry","category-noticias"],"_links":{"self":[{"href":"https:\/\/hostnetart.com.br\/baixada\/wp-json\/wp\/v2\/posts\/11221","targetHints":{"allow":["GET"]}}],"collection":[{"href":"https:\/\/hostnetart.com.br\/baixada\/wp-json\/wp\/v2\/posts"}],"about":[{"href":"https:\/\/hostnetart.com.br\/baixada\/wp-json\/wp\/v2\/types\/post"}],"author":[{"embeddable":true,"href":"https:\/\/hostnetart.com.br\/baixada\/wp-json\/wp\/v2\/users\/2"}],"replies":[{"embeddable":true,"href":"https:\/\/hostnetart.com.br\/baixada\/wp-json\/wp\/v2\/comments?post=11221"}],"version-history":[{"count":0,"href":"https:\/\/hostnetart.com.br\/baixada\/wp-json\/wp\/v2\/posts\/11221\/revisions"}],"wp:featuredmedia":[{"embeddable":true,"href":"https:\/\/hostnetart.com.br\/baixada\/wp-json\/wp\/v2\/media\/11220"}],"wp:attachment":[{"href":"https:\/\/hostnetart.com.br\/baixada\/wp-json\/wp\/v2\/media?parent=11221"}],"wp:term":[{"taxonomy":"category","embeddable":true,"href":"https:\/\/hostnetart.com.br\/baixada\/wp-json\/wp\/v2\/categories?post=11221"},{"taxonomy":"post_tag","embeddable":true,"href":"https:\/\/hostnetart.com.br\/baixada\/wp-json\/wp\/v2\/tags?post=11221"}],"curies":[{"name":"wp","href":"https:\/\/api.w.org\/{rel}","templated":true}]}}