{"id":11215,"date":"2021-07-14T13:30:06","date_gmt":"2021-07-14T16:30:06","guid":{"rendered":"https:\/\/hostnetart.com.br\/baixada\/sindicato-dos-bancarios-da-baixada-fluminense-reintegra-bancario-do-itau\/"},"modified":"2021-07-14T13:30:06","modified_gmt":"2021-07-14T16:30:06","slug":"sindicato-dos-bancarios-da-baixada-fluminense-reintegra-bancario-do-itau","status":"publish","type":"post","link":"https:\/\/hostnetart.com.br\/baixada\/sindicato-dos-bancarios-da-baixada-fluminense-reintegra-bancario-do-itau\/","title":{"rendered":"Sindicato dos Banc\u00e1rios da Baixada Fluminense reintegra banc\u00e1rio do Ita\u00fa"},"content":{"rendered":"<p>O Sindicato dos Banc\u00e1rios da Baixada Fluminense obteve mais uma vit\u00f3ria: outro banc\u00e1rio do Banco Ita\u00fa foi reintegrado, nesta \u00faltima ter\u00e7a-feira, 13 de julho.\u00a0<\/p>\n<p>Atrav\u00e9s de decis\u00e3o da 2a Vara do Trabalho de Nova Igua\u00e7u, o banc\u00e1rio teve suas fun\u00e7\u00f5es restitu\u00eddas, reparando mais uma injusti\u00e7a cometida pelos grandes bancos.<\/p>\n<p>Wallas foi admitido pelo Ita\u00fa em janeiro de 1997, sendo demitido em abril de 2009. Ap\u00f3s a demiss\u00e3o, o banc\u00e1rio procurou os Departamentos Jur\u00eddico e de Sa\u00fade do Sindicato dos Banc\u00e1rios da Baixada Fluminense, buscando anular sua dispensa.<\/p>\n<p>Ap\u00f3s uma longa batalha judicial e sempre acreditando no trabalho do Sindicato, a decis\u00e3o favor\u00e1vel foi alcan\u00e7ada, sendo reintegrado e tendo a sua dispensa anulada. A reintegra\u00e7\u00e3o foi acompanhada pelo Coordenador Geral do Sindicato, Pedro Batista, e pela Diretora de Forma\u00e7\u00e3o, Renata Soeiro.\u00a0<\/p>\n<p>\u00c9 de fundamental import\u00e2ncia que banc\u00e1rias e banc\u00e1rios, logo que sejam informados de suas demiss\u00f5es, procurem atendimento no Sindicato.<\/p>\n<p><span style=\"text-decoration: underline;\">IMPORTANTE<\/span><\/p>\n<p>Em caso de demiss\u00e3o, a orienta\u00e7\u00e3o \u00e9 para que o banc\u00e1rio ou banc\u00e1ria entre em contato imediatamente com o Sindicato.<\/p>\n<p><strong>SINDICALIZE-SE<\/strong><\/p>\n","protected":false},"excerpt":{"rendered":"<p>O Sindicato dos Banc\u00e1rios da Baixada Fluminense obteve mais uma vit\u00f3ria: outro banc\u00e1rio do Banco Ita\u00fa foi reintegrado, nesta \u00faltima ter\u00e7a-feira, 13 de julho.\u00a0 Atrav\u00e9s de decis\u00e3o da 2a Vara do Trabalho de Nova Igua\u00e7u, o banc\u00e1rio teve suas fun\u00e7\u00f5es restitu\u00eddas, reparando mais uma injusti\u00e7a cometida pelos grandes bancos. Wallas foi admitido pelo Ita\u00fa em [&hellip;]<\/p>\n","protected":false},"author":2,"featured_media":11214,"comment_status":"","ping_status":"","sticky":false,"template":"","format":"standard","meta":{"footnotes":""},"categories":[3],"tags":[],"class_list":["post-11215","post","type-post","status-publish","format-standard","has-post-thumbnail","hentry","category-noticias"],"_links":{"self":[{"href":"https:\/\/hostnetart.com.br\/baixada\/wp-json\/wp\/v2\/posts\/11215","targetHints":{"allow":["GET"]}}],"collection":[{"href":"https:\/\/hostnetart.com.br\/baixada\/wp-json\/wp\/v2\/posts"}],"about":[{"href":"https:\/\/hostnetart.com.br\/baixada\/wp-json\/wp\/v2\/types\/post"}],"author":[{"embeddable":true,"href":"https:\/\/hostnetart.com.br\/baixada\/wp-json\/wp\/v2\/users\/2"}],"replies":[{"embeddable":true,"href":"https:\/\/hostnetart.com.br\/baixada\/wp-json\/wp\/v2\/comments?post=11215"}],"version-history":[{"count":0,"href":"https:\/\/hostnetart.com.br\/baixada\/wp-json\/wp\/v2\/posts\/11215\/revisions"}],"wp:featuredmedia":[{"embeddable":true,"href":"https:\/\/hostnetart.com.br\/baixada\/wp-json\/wp\/v2\/media\/11214"}],"wp:attachment":[{"href":"https:\/\/hostnetart.com.br\/baixada\/wp-json\/wp\/v2\/media?parent=11215"}],"wp:term":[{"taxonomy":"category","embeddable":true,"href":"https:\/\/hostnetart.com.br\/baixada\/wp-json\/wp\/v2\/categories?post=11215"},{"taxonomy":"post_tag","embeddable":true,"href":"https:\/\/hostnetart.com.br\/baixada\/wp-json\/wp\/v2\/tags?post=11215"}],"curies":[{"name":"wp","href":"https:\/\/api.w.org\/{rel}","templated":true}]}}