{"id":11213,"date":"2021-07-14T13:26:33","date_gmt":"2021-07-14T16:26:33","guid":{"rendered":"https:\/\/hostnetart.com.br\/baixada\/empregados-fazem-abaixo-assinado-por-manutencao-de-modelo-de-custeio-sustentavel-para-o-saude-caixa\/"},"modified":"2021-07-14T13:26:33","modified_gmt":"2021-07-14T16:26:33","slug":"empregados-fazem-abaixo-assinado-por-manutencao-de-modelo-de-custeio-sustentavel-para-o-saude-caixa","status":"publish","type":"post","link":"https:\/\/hostnetart.com.br\/baixada\/empregados-fazem-abaixo-assinado-por-manutencao-de-modelo-de-custeio-sustentavel-para-o-saude-caixa\/","title":{"rendered":"Empregados fazem abaixo-assinado por manuten\u00e7\u00e3o de modelo de custeio sustent\u00e1vel para o Sa\u00fade Caixa"},"content":{"rendered":"<p>A Comiss\u00e3o Executiva dos Empregados da Caixa (CEE\/Caixa) e o Grupo de Trabalho (GT) Sa\u00fade Caixa lan\u00e7am, na noite desta ter\u00e7a-feira (13), um abaixo-assinado para os empregados e usu\u00e1rios do plano de assist\u00eancia \u00e0 sa\u00fade expressarem apoio \u00e0 manuten\u00e7\u00e3o de um modelo de custeio economicamente sustent\u00e1vel e financeiramente vi\u00e1vel para o Sa\u00fade Caixa.<\/p>\n<p>Para participar do abaixo-assinado,\u00a0<a href=\"https:\/\/bit.ly\/cgpar23nao\" target=\"_blank\" rel=\"noopener noreferrer\">clique aqui<\/a>.<\/p>\n<p>Desde 2017, o Sa\u00fade Caixa, concebido com a ideia de custeio de 70% da empresa e 30% do empregado, vem sofrendo ataques, como mudan\u00e7as no Estatuto da Caixa para limitar o investimento em sa\u00fade, tentativas de impor a resolu\u00e7\u00f5es como a 23 da Comiss\u00e3o Interministerial de Governan\u00e7a Corporativa e de Administra\u00e7\u00e3o de Participa\u00e7\u00f5es Societ\u00e1rias da Uni\u00e3o (CGPAR), entre outras a\u00e7\u00f5es dos governos para enfraquecer os planos de autogest\u00e3o das estatais. Recentemente, representantes da Caixa informaram, em reuni\u00e3o do GT, que a gest\u00e3o Pedro Guimar\u00e3es pretende aplicar a Resolu\u00e7\u00e3o 23 da CGPAR nas propostas de modelos de custeio do plano. Na pr\u00e1tica, significa que 50% dos custos assistenciais e administrativos ser\u00e3o financiados pela empresa e os outros 50%, pelos empregados, alterando o formato atual de 70%\/30%.<\/p>\n<p>\u201cEntendemos que as limita\u00e7\u00f5es para o custeio do plano pela empresa, em especial a prevista pela resolu\u00e7\u00e3o 23 da CGPAR, comprometem a manuten\u00e7\u00e3o de um modelo de custeio que seja acess\u00edvel a todos os empregados, como ocorre atualmente\u201d, afirmou Fabiana Uehara Proscholdt, coordenadora da CEE da Caixa e do GT Sa\u00fade Caixa e secret\u00e1ria da Cultura da Confedera\u00e7\u00e3o Nacional dos Trabalhadores do Ramo Financeiro (Contraf-CUT).<\/p>\n<p>Proje\u00e7\u00f5es realizadas na \u00faltima negocia\u00e7\u00e3o coletiva, de 2020, indicam que a aplica\u00e7\u00e3o deste limitador ir\u00e1 elevar as mensalidades dos usu\u00e1rios a n\u00edveis que seriam impratic\u00e1veis para milhares de empregados da ativa e aposentados, tirando-lhes a assist\u00eancia de um plano de sa\u00fade ainda mais neste momento sanit\u00e1rio delicado pelo qual atravessa nosso pa\u00eds.<\/p>\n<p>\u201cEm momentos recentes da hist\u00f3ria de nossa empresa, os empregados e a dire\u00e7\u00e3o negociaram direitos que estavam em patamares superiores aos previstos por resolu\u00e7\u00f5es do governo. O pr\u00f3prio Sa\u00fade Caixa \u00e9 um exemplo deste fato, j\u00e1 que nasceu, em 2004, suplantando as limita\u00e7\u00f5es de custeio previstas \u00e0 \u00e9poca, que eram similares \u00e0s previstas pela CGPAR 23. Assim, defendemos que a dire\u00e7\u00e3o da empresa de fato valorize seus empregados e n\u00e3o aplique a resolu\u00e7\u00e3o 23 da CGPAR, instrumento este que n\u00e3o possui for\u00e7a de lei\u201d, completou Leonardo Quadros, membro do GT e presidente da Apcef\/SP.<\/p>\n<p>O abaixo-assinado \u00e9 apoiado pela Contraf-CUT, pela Federa\u00e7\u00e3o Nacional das Associa\u00e7\u00f5es da Caixa Econ\u00f4mica Federal (Fenae), pela Federa\u00e7\u00e3o Nacional das Associa\u00e7\u00f5es dos Gestores da Caixa (Fenag), pela Federa\u00e7\u00e3o Nacional das Associa\u00e7\u00f5es de Aposentados e Pensionistas da Caixa Econ\u00f4mica Federal (Fenacef), pela Associa\u00e7\u00e3o Nacional dos Engenheiros e Arquitetos da Caixa (Aneac), pela Associa\u00e7\u00e3o dos Advogados da Caixa Econ\u00f4mica Federal (Advocef) e pela Social Caixa.<\/p>\n<h3>Deputados aprovam PDC 956<\/h3>\n<p><a href=\"https:\/\/contrafcut.com.br\/noticias\/deputados-aprovam-pdc-956\/?swcfpc=1\" target=\"_blank\" rel=\"noopener noreferrer\">A C\u00e2mara dos Deputados aprovou nesta ter\u00e7a-feira (13) o Projeto de Decreto Legislativo 956\/18, da deputada Erika Kokay (PT-DF), que suspende os efeitos da Resolu\u00e7\u00e3o 23 da Comiss\u00e3o Interministerial de Governan\u00e7a Corporativa e de Administra\u00e7\u00e3o de Participa\u00e7\u00f5es Societ\u00e1rias da Uni\u00e3o (CGPAR)<\/a>. Foram 365 votas favor\u00e1veis e 39 contr\u00e1rios. O texto aprovado segue para o Senado.<\/p>\n<p>\u201cA aprova\u00e7\u00e3o foi muito importante para os trabalhadores. Agora, a press\u00e3o \u00e9 sobre o Senado. Vamos nos mobilizar para conseguir a aprova\u00e7\u00e3o tamb\u00e9m pelos senadores\u201d, afirmou o secret\u00e1rio de Rela\u00e7\u00f5es de Trabalho e respons\u00e1vel da Contraf-CUT pelo acompanhamento da tramita\u00e7\u00e3o dos projetos de interesses da categoria no Congresso Nacional, Jeferson Meira, o Jef\u00e3o.<\/p>\n<p><strong>Fonte: Contraf-CUT<\/strong><\/p>\n","protected":false},"excerpt":{"rendered":"<p>A Comiss\u00e3o Executiva dos Empregados da Caixa (CEE\/Caixa) e o Grupo de Trabalho (GT) Sa\u00fade Caixa lan\u00e7am, na noite desta ter\u00e7a-feira (13), um abaixo-assinado para os empregados e usu\u00e1rios do plano de assist\u00eancia \u00e0 sa\u00fade expressarem apoio \u00e0 manuten\u00e7\u00e3o de um modelo de custeio economicamente sustent\u00e1vel e financeiramente vi\u00e1vel para o Sa\u00fade Caixa. Para participar [&hellip;]<\/p>\n","protected":false},"author":2,"featured_media":11212,"comment_status":"","ping_status":"","sticky":false,"template":"","format":"standard","meta":{"footnotes":""},"categories":[3],"tags":[],"class_list":["post-11213","post","type-post","status-publish","format-standard","has-post-thumbnail","hentry","category-noticias"],"_links":{"self":[{"href":"https:\/\/hostnetart.com.br\/baixada\/wp-json\/wp\/v2\/posts\/11213","targetHints":{"allow":["GET"]}}],"collection":[{"href":"https:\/\/hostnetart.com.br\/baixada\/wp-json\/wp\/v2\/posts"}],"about":[{"href":"https:\/\/hostnetart.com.br\/baixada\/wp-json\/wp\/v2\/types\/post"}],"author":[{"embeddable":true,"href":"https:\/\/hostnetart.com.br\/baixada\/wp-json\/wp\/v2\/users\/2"}],"replies":[{"embeddable":true,"href":"https:\/\/hostnetart.com.br\/baixada\/wp-json\/wp\/v2\/comments?post=11213"}],"version-history":[{"count":0,"href":"https:\/\/hostnetart.com.br\/baixada\/wp-json\/wp\/v2\/posts\/11213\/revisions"}],"wp:featuredmedia":[{"embeddable":true,"href":"https:\/\/hostnetart.com.br\/baixada\/wp-json\/wp\/v2\/media\/11212"}],"wp:attachment":[{"href":"https:\/\/hostnetart.com.br\/baixada\/wp-json\/wp\/v2\/media?parent=11213"}],"wp:term":[{"taxonomy":"category","embeddable":true,"href":"https:\/\/hostnetart.com.br\/baixada\/wp-json\/wp\/v2\/categories?post=11213"},{"taxonomy":"post_tag","embeddable":true,"href":"https:\/\/hostnetart.com.br\/baixada\/wp-json\/wp\/v2\/tags?post=11213"}],"curies":[{"name":"wp","href":"https:\/\/api.w.org\/{rel}","templated":true}]}}