{"id":11207,"date":"2021-07-13T14:39:23","date_gmt":"2021-07-13T17:39:23","guid":{"rendered":"https:\/\/hostnetart.com.br\/baixada\/fetraf-rj-es-realizara-encontros-estaduais-dos-funcionarios-da-caixa-e-banco-do-brasil-no-sabado-17\/"},"modified":"2021-07-13T14:39:23","modified_gmt":"2021-07-13T17:39:23","slug":"fetraf-rj-es-realizara-encontros-estaduais-dos-funcionarios-da-caixa-e-banco-do-brasil-no-sabado-17","status":"publish","type":"post","link":"https:\/\/hostnetart.com.br\/baixada\/fetraf-rj-es-realizara-encontros-estaduais-dos-funcionarios-da-caixa-e-banco-do-brasil-no-sabado-17\/","title":{"rendered":"Fetraf RJ\/ES realizar\u00e1 Encontros Estaduais dos Funcion\u00e1rios da Caixa e Banco do Brasil no s\u00e1bado (17)"},"content":{"rendered":"<div>A Federa\u00e7\u00e3o\u00a0dos Trabalhadores do Ramo Financeiro dos Estados do Rio de Janeiro e Esp\u00edrito Santo (Fetraf RJ\/ES) ir\u00e1 realizar no pr\u00f3ximo s\u00e1bado, 17 de julho, das 9 horas \u00e0s 13 horas, os Encontros Estaduais dos Funcion\u00e1rios e Funcion\u00e1rias da Caixa Econ\u00f4mica Federal e do Banco do Brasil.<\/div>\n<div>\u00a0<\/div>\n<div>O evento ocorrer\u00e1 de maneira virtual.<\/div>\n<div>\u00a0<\/div>\n<div>Os encontros s\u00e3o abertos a todos os trabalhadores da Caixa e Banco do Brasil.<\/div>\n<div>\u00a0<\/div>\n<div><span style=\"text-decoration: underline;\">IMPORTANTE<\/span><\/div>\n<div>\u00a0<\/div>\n<div>Para participar, \u00e9 necess\u00e1rio realizar a pr\u00e9-inscri\u00e7\u00e3o\u00a0at\u00e9 \u00e0s\u00a0<b><u>12 horas do dia 16 de julho (sexta-feira)<\/u><\/b>,\u00a0atrav\u00e9s do link:\u00a0<b><u><a href=\"https:\/\/forms.gle\/aoY5PE9PfQ3DPbhU9\" target=\"_blank\" rel=\"noopener noreferrer\" data-saferedirecturl=\"https:\/\/www.google.com\/url?q=https:\/\/forms.gle\/aoY5PE9PfQ3DPbhU9&amp;source=gmail&amp;ust=1626202954367000&amp;usg=AFQjCNHSufFm-D42A39xMyGR7LUTAaoaiQ\">https:\/\/forms.gle\/<wbr \/>aoY5PE9PfQ3DPbhU9<\/a>\u00a0<\/u><\/b><\/div>\n<div>\u00a0<\/div>\n<div>Os inscritos receber\u00e3o o link de acesso no e-mail cadastrado em sua ficha de inscri\u00e7\u00e3o.<\/div>\n<div>\u00a0<\/div>\n<div><strong>Fonte: Fetraf RJ\/ES<\/strong><\/div>\n<div>\u00a0<\/div>\n<div>\u00a0<\/div>\n","protected":false},"excerpt":{"rendered":"<p>A Federa\u00e7\u00e3o\u00a0dos Trabalhadores do Ramo Financeiro dos Estados do Rio de Janeiro e Esp\u00edrito Santo (Fetraf RJ\/ES) ir\u00e1 realizar no pr\u00f3ximo s\u00e1bado, 17 de julho, das 9 horas \u00e0s 13 horas, os Encontros Estaduais dos Funcion\u00e1rios e Funcion\u00e1rias da Caixa Econ\u00f4mica Federal e do Banco do Brasil. \u00a0 O evento ocorrer\u00e1 de maneira virtual. \u00a0 [&hellip;]<\/p>\n","protected":false},"author":2,"featured_media":11206,"comment_status":"","ping_status":"","sticky":false,"template":"","format":"standard","meta":{"footnotes":""},"categories":[3],"tags":[],"class_list":["post-11207","post","type-post","status-publish","format-standard","has-post-thumbnail","hentry","category-noticias"],"_links":{"self":[{"href":"https:\/\/hostnetart.com.br\/baixada\/wp-json\/wp\/v2\/posts\/11207","targetHints":{"allow":["GET"]}}],"collection":[{"href":"https:\/\/hostnetart.com.br\/baixada\/wp-json\/wp\/v2\/posts"}],"about":[{"href":"https:\/\/hostnetart.com.br\/baixada\/wp-json\/wp\/v2\/types\/post"}],"author":[{"embeddable":true,"href":"https:\/\/hostnetart.com.br\/baixada\/wp-json\/wp\/v2\/users\/2"}],"replies":[{"embeddable":true,"href":"https:\/\/hostnetart.com.br\/baixada\/wp-json\/wp\/v2\/comments?post=11207"}],"version-history":[{"count":0,"href":"https:\/\/hostnetart.com.br\/baixada\/wp-json\/wp\/v2\/posts\/11207\/revisions"}],"wp:featuredmedia":[{"embeddable":true,"href":"https:\/\/hostnetart.com.br\/baixada\/wp-json\/wp\/v2\/media\/11206"}],"wp:attachment":[{"href":"https:\/\/hostnetart.com.br\/baixada\/wp-json\/wp\/v2\/media?parent=11207"}],"wp:term":[{"taxonomy":"category","embeddable":true,"href":"https:\/\/hostnetart.com.br\/baixada\/wp-json\/wp\/v2\/categories?post=11207"},{"taxonomy":"post_tag","embeddable":true,"href":"https:\/\/hostnetart.com.br\/baixada\/wp-json\/wp\/v2\/tags?post=11207"}],"curies":[{"name":"wp","href":"https:\/\/api.w.org\/{rel}","templated":true}]}}