{"id":11203,"date":"2021-07-12T20:16:54","date_gmt":"2021-07-12T23:16:54","guid":{"rendered":"https:\/\/hostnetart.com.br\/baixada\/movimento-sindical-garante-telemedicina-aos-usuarios-do-antigo-plano-de-saude-dos-empregados-o-pams\/"},"modified":"2021-07-12T20:16:54","modified_gmt":"2021-07-12T23:16:54","slug":"movimento-sindical-garante-telemedicina-aos-usuarios-do-antigo-plano-de-saude-dos-empregados-o-pams","status":"publish","type":"post","link":"https:\/\/hostnetart.com.br\/baixada\/movimento-sindical-garante-telemedicina-aos-usuarios-do-antigo-plano-de-saude-dos-empregados-o-pams\/","title":{"rendered":"Movimento Sindical garante telemedicina aos usu\u00e1rios do antigo plano de sa\u00fade dos empregados, o PAMS"},"content":{"rendered":"<p>Boa not\u00edcia para os empregados da Caixa que permaneceram no Programa de Assist\u00eancia M\u00e9dica Supletiva (PAMS). Ap\u00f3s a\u00e7\u00e3o coletiva ingressada pela Federa\u00e7\u00e3o Nacional das Associa\u00e7\u00f5es da Caixa Econ\u00f4mica Federal (Fenae) e pela Confedera\u00e7\u00e3o Nacional dos Trabalhadores do Ramo Financeiro (Contraf-CUT), a 13\u00aa Vara do Trabalho de Bras\u00edlia determinou que a Caixa garanta o acesso aos servi\u00e7os de telemedicina aos usu\u00e1rios do plano de sa\u00fade anterior ao Sa\u00fade Caixa.<\/p>\n<p>Antes da decis\u00e3o da ju\u00edza, que aconteceu no dia 1\u00ba de julho, os servi\u00e7os de telemedicina estavam dispon\u00edveis apenas para os usu\u00e1rios do Sa\u00fade Caixa. A a\u00e7\u00e3o ainda aguarda julgamento de recurso; no entanto, de acordo com a decis\u00e3o da ju\u00edza, a Caixa deve garantir tais servi\u00e7os imediatamente, sob pena de multa.<\/p>\n<p>\u201cN\u00e3o h\u00e1 nada mais justo. Os usu\u00e1rios do PAMS estavam sendo discriminados pela Caixa. Justamente na pandemia, os empregados, aposentados e pensionistas precisavam sair de casa para conseguir atendimento\u201d, disse o presidente da Fenae, Sergio Takemoto.<\/p>\n<p>O PAMS era o plano de sa\u00fade dos trabalhadores do banco. Mesmo com a extin\u00e7\u00e3o do programa, cerca de tr\u00eas mil empregados n\u00e3o migraram para a atual assist\u00eancia m\u00e9dica da Caixa. Fabiana Uehara Proscholdt, coordenadora da Comiss\u00e3o Executiva de Empregados da Caixa (CEE\/Caixa) e secret\u00e1ria da Cultura da Contraf-CUT, tamb\u00e9m avalia que a medida era discriminat\u00f3ria.\u00a0 \u201cNegar a telemedicina e outros servi\u00e7os \u00e9 inaceit\u00e1vel. A Caixa precisa resolver os problemas existentes no PAMS, sem prejudicar quem \u00e9 usu\u00e1rio deste plano de assist\u00eancia. Assim, garantir o procedimento foi uma importante vit\u00f3ria, e continuaremos na luta\u201d, afirmou.<\/p>\n<p><strong>Fonte: Fenae<\/strong><\/p>\n","protected":false},"excerpt":{"rendered":"<p>Boa not\u00edcia para os empregados da Caixa que permaneceram no Programa de Assist\u00eancia M\u00e9dica Supletiva (PAMS). Ap\u00f3s a\u00e7\u00e3o coletiva ingressada pela Federa\u00e7\u00e3o Nacional das Associa\u00e7\u00f5es da Caixa Econ\u00f4mica Federal (Fenae) e pela Confedera\u00e7\u00e3o Nacional dos Trabalhadores do Ramo Financeiro (Contraf-CUT), a 13\u00aa Vara do Trabalho de Bras\u00edlia determinou que a Caixa garanta o acesso aos [&hellip;]<\/p>\n","protected":false},"author":2,"featured_media":11202,"comment_status":"","ping_status":"","sticky":false,"template":"","format":"standard","meta":{"footnotes":""},"categories":[3],"tags":[],"class_list":["post-11203","post","type-post","status-publish","format-standard","has-post-thumbnail","hentry","category-noticias"],"_links":{"self":[{"href":"https:\/\/hostnetart.com.br\/baixada\/wp-json\/wp\/v2\/posts\/11203","targetHints":{"allow":["GET"]}}],"collection":[{"href":"https:\/\/hostnetart.com.br\/baixada\/wp-json\/wp\/v2\/posts"}],"about":[{"href":"https:\/\/hostnetart.com.br\/baixada\/wp-json\/wp\/v2\/types\/post"}],"author":[{"embeddable":true,"href":"https:\/\/hostnetart.com.br\/baixada\/wp-json\/wp\/v2\/users\/2"}],"replies":[{"embeddable":true,"href":"https:\/\/hostnetart.com.br\/baixada\/wp-json\/wp\/v2\/comments?post=11203"}],"version-history":[{"count":0,"href":"https:\/\/hostnetart.com.br\/baixada\/wp-json\/wp\/v2\/posts\/11203\/revisions"}],"wp:featuredmedia":[{"embeddable":true,"href":"https:\/\/hostnetart.com.br\/baixada\/wp-json\/wp\/v2\/media\/11202"}],"wp:attachment":[{"href":"https:\/\/hostnetart.com.br\/baixada\/wp-json\/wp\/v2\/media?parent=11203"}],"wp:term":[{"taxonomy":"category","embeddable":true,"href":"https:\/\/hostnetart.com.br\/baixada\/wp-json\/wp\/v2\/categories?post=11203"},{"taxonomy":"post_tag","embeddable":true,"href":"https:\/\/hostnetart.com.br\/baixada\/wp-json\/wp\/v2\/tags?post=11203"}],"curies":[{"name":"wp","href":"https:\/\/api.w.org\/{rel}","templated":true}]}}