{"id":11201,"date":"2021-07-12T19:55:00","date_gmt":"2021-07-12T22:55:00","guid":{"rendered":"https:\/\/hostnetart.com.br\/baixada\/live-vai-debater-saude-caixa-nesta-terca-feira-13\/"},"modified":"2021-07-12T19:55:00","modified_gmt":"2021-07-12T22:55:00","slug":"live-vai-debater-saude-caixa-nesta-terca-feira-13","status":"publish","type":"post","link":"https:\/\/hostnetart.com.br\/baixada\/live-vai-debater-saude-caixa-nesta-terca-feira-13\/","title":{"rendered":"Live vai debater Sa\u00fade Caixa nesta ter\u00e7a-feira (13)"},"content":{"rendered":"<p>A Comiss\u00e3o Executiva dos Empregados da Caixa (CEE\/Caixa) e o Grupo de Trabalho (GT) Sa\u00fade Caixa realizam, na noite desta ter\u00e7a-feira (13), um debate sobre o Sa\u00fade Caixa, \u00e0s 19h. A ideia \u00e9 refor\u00e7ar a import\u00e2ncia da mobiliza\u00e7\u00e3o dos empregados, ativos e aposentados, para a manter o plano com seu car\u00e1ter sustent\u00e1vel, solid\u00e1rio e para todos. Al\u00e9m de informar sobre os debates que est\u00e3o ocorrendo no grupo de trabalho do Sa\u00fade Caixa. O evento ser\u00e1 transmitido pelos canais da\u00a0Contraf-CUT do Youtube e no Facebook\u00a0e no Facebook da\u00a0Fenae.<\/p>\n<p>Desde 2017, o Sa\u00fade Caixa, concebido com a ideia de custeio de 70% da empresa e 30% do empregado, vem sofrendo ataques, mudan\u00e7as no Estatuto da Caixa para limitar o investimento em sa\u00fade, imposi\u00e7\u00e3o de resolu\u00e7\u00f5es como a 23 da Comiss\u00e3o Interministerial de Governan\u00e7a Corporativa e de Administra\u00e7\u00e3o de Participa\u00e7\u00f5es Societ\u00e1rias da Uni\u00e3o (CGPAR), entre outras a\u00e7\u00f5es dos governos para enfraquecer os planos de sa\u00fade das estatais.<\/p>\n<p>A\u00a0Caixa informou, em reuni\u00e3o do GT, que vai aplicar a Resolu\u00e7\u00e3o 23 da CGPAR nas propostas de modelos de custeio do plano. Na pr\u00e1tica, significa que 50% dos custos assistenciais e administrativos ser\u00e3o financiados pela empresa e os outros 50%, pelos empregados, alterando o formato atual de 70%\/30%.\u00a0<\/p>\n<p>Fabiana Uehara\u00a0Proscholdt, coordenadora da CEE da Caixa e do GT Sa\u00fade Caixa, fez quest\u00e3o de esclarecer a posi\u00e7\u00e3o dos representantes dos empregados. \u201cNossos representantes deixaram claro sua posi\u00e7\u00e3o contr\u00e1ria a essa imposi\u00e7\u00e3o da empresa e nossa disposi\u00e7\u00e3o de mobilizar os empregados para lutar para que esse benef\u00edcio continue a ser sustent\u00e1vel e vi\u00e1vel para todos os trabalhadores\u201d, disse Fabiana, que tamb\u00e9m \u00e9 secret\u00e1ria da Cultura da\u00a0Contraf-CUT.\u00a0<\/p>\n<p>\u201cO que a dire\u00e7\u00e3o da Caixa precisa entender \u00e9 que o nosso plano de sa\u00fade foi constru\u00eddo l\u00e1 atr\u00e1s, ap\u00f3s um amplo debate entre empresa e empregados. Defendemos a manuten\u00e7\u00e3o do modelo atual (70\/30) n\u00e3o somente porque \u00e9 bom para o empregado, como tamb\u00e9m para a Caixa. Como gestora do plano, a empresa pode, atrav\u00e9s dos dados dos empregados, realizar a\u00e7\u00f5es preventivas para que n\u00e3o ocorra adoecimentos. Tamb\u00e9m \u00e9 um benef\u00edcio que atrai e faz com que profissionais bons permane\u00e7am na empresa\u201d, afirmou Fabiana.<\/p>\n<p>Outro ataque \u00e0 viabilidade do Sa\u00fade Caixa para todos os empregados aconteceu em dezembro de 2017. O Conselho de Administra\u00e7\u00e3o da Caixa alterou o estatuto do banco e incluiu um item que imp\u00f5e a limita\u00e7\u00e3o de sua contribui\u00e7\u00e3o para a assist\u00eancia \u00e0 sa\u00fade dos empregados a 6,5% da folha de\u00a0pagamento, retomando a velha f\u00f3rmula que n\u00e3o garante sustentabilidade ao plano. Contr\u00e1ria \u00e0 medida, a representante dos empregados no Conselho de Administra\u00e7\u00e3o da Caixa, Rita Serrano, votou contra a altera\u00e7\u00e3o.<\/p>\n<p>O presidente da\u00a0Fenae, Sergio\u00a0Takemoto, alega que a Caixa e o Governo tentam impor restri\u00e7\u00f5es no Sa\u00fade Caixa h\u00e1 anos e as entidades, juntamente com os trabalhadores, t\u00eam impedido a aplica\u00e7\u00e3o das medidas com a for\u00e7a da mobiliza\u00e7\u00e3o. \u201cSomente dessa forma vamos conseguir impedir que estas diretrizes t\u00e3o nocivas ao Sa\u00fade Caixa sejam aplicadas. Nossa for\u00e7a sempre esteve na mobiliza\u00e7\u00e3o e precisamos nos unir para barrar esses ataques aos direitos dos empregados\u201d, refor\u00e7ou\u00a0Takemoto.\u00a0<\/p>\n<p>Os dirigentes lembram que a uni\u00e3o da categoria e das entidades j\u00e1 conquistou um avan\u00e7o. No \u00faltimo dia 8, a C\u00e2mara aprovou o regime de urg\u00eancia na vota\u00e7\u00e3o do PDC 956\/2018, da deputada Erika\u00a0Kokay\u00a0(PT\/DF), que anula os efeitos da CGPAR 23. Com a aprova\u00e7\u00e3o, a mat\u00e9ria pode ser pautada a qualquer momento pelo Plen\u00e1rio.<\/p>\n<p><strong>Live Sa\u00fade Caixa\u00a0<\/strong><br \/><strong>Data<\/strong>: 13 de julho<br \/><strong>Hor\u00e1rio<\/strong>: 19h<br \/><strong>Transmiss\u00e3o<\/strong>:\u00a0<a href=\"https:\/\/www.youtube.com\/channel\/UCQoiO9j_0_0aB1N24E7do0A\">Youtube\u00a0<\/a>e\u00a0<a href=\"https:\/\/www.facebook.com\/contrafcut\">Facebook\u00a0<\/a>da\u00a0Contraf\/CUT\u00a0e\u00a0<a href=\"https:\/\/www.facebook.com\/FenaeFederacao\">Facebook da\u00a0Fenae<\/a><\/p>\n<p>Fonte: Contraf-CUT<\/p>\n","protected":false},"excerpt":{"rendered":"<p>A Comiss\u00e3o Executiva dos Empregados da Caixa (CEE\/Caixa) e o Grupo de Trabalho (GT) Sa\u00fade Caixa realizam, na noite desta ter\u00e7a-feira (13), um debate sobre o Sa\u00fade Caixa, \u00e0s 19h. A ideia \u00e9 refor\u00e7ar a import\u00e2ncia da mobiliza\u00e7\u00e3o dos empregados, ativos e aposentados, para a manter o plano com seu car\u00e1ter sustent\u00e1vel, solid\u00e1rio e para [&hellip;]<\/p>\n","protected":false},"author":2,"featured_media":11200,"comment_status":"","ping_status":"","sticky":false,"template":"","format":"standard","meta":{"footnotes":""},"categories":[3],"tags":[],"class_list":["post-11201","post","type-post","status-publish","format-standard","has-post-thumbnail","hentry","category-noticias"],"_links":{"self":[{"href":"https:\/\/hostnetart.com.br\/baixada\/wp-json\/wp\/v2\/posts\/11201","targetHints":{"allow":["GET"]}}],"collection":[{"href":"https:\/\/hostnetart.com.br\/baixada\/wp-json\/wp\/v2\/posts"}],"about":[{"href":"https:\/\/hostnetart.com.br\/baixada\/wp-json\/wp\/v2\/types\/post"}],"author":[{"embeddable":true,"href":"https:\/\/hostnetart.com.br\/baixada\/wp-json\/wp\/v2\/users\/2"}],"replies":[{"embeddable":true,"href":"https:\/\/hostnetart.com.br\/baixada\/wp-json\/wp\/v2\/comments?post=11201"}],"version-history":[{"count":0,"href":"https:\/\/hostnetart.com.br\/baixada\/wp-json\/wp\/v2\/posts\/11201\/revisions"}],"wp:featuredmedia":[{"embeddable":true,"href":"https:\/\/hostnetart.com.br\/baixada\/wp-json\/wp\/v2\/media\/11200"}],"wp:attachment":[{"href":"https:\/\/hostnetart.com.br\/baixada\/wp-json\/wp\/v2\/media?parent=11201"}],"wp:term":[{"taxonomy":"category","embeddable":true,"href":"https:\/\/hostnetart.com.br\/baixada\/wp-json\/wp\/v2\/categories?post=11201"},{"taxonomy":"post_tag","embeddable":true,"href":"https:\/\/hostnetart.com.br\/baixada\/wp-json\/wp\/v2\/tags?post=11201"}],"curies":[{"name":"wp","href":"https:\/\/api.w.org\/{rel}","templated":true}]}}