{"id":11199,"date":"2021-07-09T21:04:02","date_gmt":"2021-07-10T00:04:02","guid":{"rendered":"https:\/\/hostnetart.com.br\/baixada\/muitos-tombaram-na-luta-dos-bancarios-pela-prioridade-na-vacina-contra-a-covid-19\/"},"modified":"2021-07-09T21:04:02","modified_gmt":"2021-07-10T00:04:02","slug":"muitos-tombaram-na-luta-dos-bancarios-pela-prioridade-na-vacina-contra-a-covid-19","status":"publish","type":"post","link":"https:\/\/hostnetart.com.br\/baixada\/muitos-tombaram-na-luta-dos-bancarios-pela-prioridade-na-vacina-contra-a-covid-19\/","title":{"rendered":"Muitos tombaram na luta dos banc\u00e1rios pela prioridade na vacina contra a covid-19"},"content":{"rendered":"<p>T\u00e3o logo surgiram as primeiras informa\u00e7\u00f5es sobre vacina contra a covid-19, os banc\u00e1rios deram in\u00edcio \u00e0 luta pela inclus\u00e3o da categoria entre os\u00a0<a href=\"https:\/\/www.redebrasilatual.com.br\/tag\/bancarios-grupo-prioritario\/\" target=\"_blank\" rel=\"noopener noreferrer\">grupos priorit\u00e1rios<\/a>\u00a0para a imuniza\u00e7\u00e3o. Foram enviados ao Minist\u00e9rio da Sa\u00fade documentos, of\u00edcios, estudos que comprovavam a emerg\u00eancia da reivindica\u00e7\u00e3o. Servi\u00e7o considerado essencial, os bancos permaneceram abertos durante toda a pandemia do coronav\u00edrus. O resultado foi um aumento de 176% nas\u00a0<a href=\"https:\/\/contrafcut.com.br\/noticias\/mortes-por-covid-19-crescem-entre-trabalhadores-do-setor-financeiro\/\" target=\"_blank\" rel=\"noopener noreferrer\">mortes dos empregados de institui\u00e7\u00f5es financeiras<\/a>\u00a0p\u00fablicas e privadas.<\/p>\n<p>No primeiro trimestre de 2020, a m\u00e9dia mensal de \u00f3bitos na categoria era de 18,33. Entre fevereiro e abril deste ano, essa m\u00e9dia subiu para 52 vidas perdidas. As entidades representativas dos banc\u00e1rios \u2013 sindicatos, federa\u00e7\u00f5es e a Confedera\u00e7\u00e3o Nacional dos Trabalhadores do Ramo Financeiro\u00a0(Contraf-CUT) \u2013 corriam contra o tempo na tentativa de convencer autoridades municipais, estaduais e o governo federal. Os banc\u00e1rios, na linha de frente do atendimento nas ag\u00eancias, ou os que permaneceram nos departamentos que mant\u00eam toda a estrutura dos bancos em funcionamento, precisavam ter prioridade na vacina\u00e7\u00e3o.<\/p>\n<p>Finalmente, na quarta-feira (7), o Minist\u00e9rio da Sa\u00fade anunciou que a categoria, assim como os trabalhadores dos Correios, receber\u00e1 a vacina a partir da pr\u00f3xima semana. N\u00e3o foi uma concess\u00e3o, foi conquista de uma batalha de vida ou morte. E muitos n\u00e3o conseguiram esperar.<\/p>\n<p>Entre os milhares de banc\u00e1rios que perderam suas vidas est\u00e3o representantes sindicais que participaram dessa luta pelo reconhecimento da categoria como essencial tamb\u00e9m na fila da vacina. Levantamento da Contraf-CUT informa pelo menos 17 diretores de entidades sindicais em todo o Brasil levados pela falta de vacina. Pessoas jovens, saud\u00e1veis, com uma vida de conquistas pela frente.<\/p>\n<h3>Gente que fazia diferen\u00e7a<\/h3>\n<p>Hoje se sabe que esses e outros quase 540 mil brasileiros perderam a vida para, al\u00e9m do descaso e negacionismo, a corrup\u00e7\u00e3o de um governo que cobrou propina pelo l\u00edquido que seria capaz de salvar os brasileiros.<\/p>\n<p>Um deles era\u00a0<a href=\"https:\/\/spbancarios.com.br\/04\/2021\/sindicato-lamenta-morte-do-dirigente-fabio-rogerio-pereira\" target=\"_blank\" rel=\"noopener noreferrer\">F\u00e1bio Rog\u00e9rio Pereira<\/a>, dirigente do Sindicato dos Banc\u00e1rios de S\u00e3o Paulo, Osasco e Regi\u00e3o, onde era coordenador do coletivo de combate ao racismo, e da federa\u00e7\u00e3o da categoria. Quem conheceu o funcion\u00e1rio do Ita\u00fa, de 45 anos, sorriso largo, apaixonado pelas filhas e pela vida, tem dificuldade de acreditar que ele foi levado pelo v\u00edrus da covid-19 em 5 de abril. F\u00e1bio chegou a visitar as ag\u00eancias, sempre de m\u00e1scara, refor\u00e7ando junto aos trabalhadores as medidas de seguran\u00e7a e a conscientiza\u00e7\u00e3o pela emerg\u00eancia do direito da categoria \u00e0 vacina.<\/p>\n<p>No estado de S\u00e3o Paulo, outros quatro dirigentes banc\u00e1rios perderam a vida para a falta de vacina contra a covid-19.\u00a0<a href=\"https:\/\/spbancarios.com.br\/06\/2021\/sindicato-lamenta-morte-de-jeferson-boava-por-covid-19\" target=\"_blank\" rel=\"noopener noreferrer\">Jeferson Rubens Boava<\/a>\u00a0era presidente da federa\u00e7\u00e3o da categoria nos estados de S\u00e3o Paulo e Mato Grosso do Sul. Natural de Itatiba (SP), era funcion\u00e1rio do Banco do Brasil.\u00a0<a href=\"https:\/\/contrafcut.com.br\/noticias\/nota-de-falecimento-marcio-adriano-peloso\" target=\"_blank\" rel=\"noopener noreferrer\">M\u00e1rcio Adriano Peloso<\/a>\u00a0tinha 53 anos, era dirigente em Limeira e trabalhava na Caixa Econ\u00f4mica Federal. O sindicato do ABC perdeu\u00a0<a href=\"https:\/\/contrafcut.com.br\/noticias\/nota-de-falecimento-edson-aparecido-da-silva\" target=\"_blank\" rel=\"noopener noreferrer\">Edson Aparecido da Silva,<\/a>\u00a0banc\u00e1rio no Bradesco, e o assessor\u00a0<a href=\"https:\/\/contrafcut.com.br\/noticias\/nota-de-falecimento-3\" target=\"_blank\" rel=\"noopener noreferrer\">J\u00falio Nascimento<\/a>, ex-dirigente do sindicato de Braganca Paulista.<\/p>\n<h3>Dor de norte a sul<\/h3>\n<p>A decis\u00e3o de se tornar um dirigente sindical \u00e9 uma escolha pelo comunit\u00e1rio. A carreira profissional no banco em grande parte dos casos fica congelada. E o retorno \u00e0s atividades nas unidades banc\u00e1rias \u00e9 via de regra dificultado pelas institui\u00e7\u00f5es financeiras. Apesar disso, todos os anos, milhares de banc\u00e1rios se somam a essa luta que construiu, ao longo de d\u00e9cadas, um contrato coletivo de trabalho de abrang\u00eancia nacional que \u00e9 exemplo de garantia de direitos.<\/p>\n<p><a href=\"https:\/\/contrafcut.com.br\/noticias\/nota-de-falecimento-wanderley-antonio-crivellari\/\" target=\"_blank\" rel=\"noopener noreferrer\">Wanderley Antonio Crivellari<\/a>\u00a0foi um deles. Morto em 3 de janeiro, aos 50 anos, n\u00e3o estava mais na dire\u00e7\u00e3o do sindicato de Londrina (PR). Mas dedicou boa parte de sua vida \u00e0 luta dos trabalhadores atuando tamb\u00e9m na federa\u00e7\u00e3o e na Contraf-CUT.<\/p>\n<p>Os sindicatos do Sul do pa\u00eds tamb\u00e9m perderam\u00a0<a href=\"http:\/\/cutrs.org.br\/diretora-do-sindicato-dos-bancarios-de-porto-alegre-morre-de-covid-19\/\" target=\"_blank\" rel=\"noopener noreferrer\">Virg\u00ednia Maria de Faria Jorge<\/a>\u00a0\u2013 empregada da Caixa e primeira diretora de Forma\u00e7\u00e3o do sindicato de Porto Alegre \u2013 e\u00a0<a href=\"https:\/\/contrafcut.com.br\/noticias\/nota-de-falecimento-jacir-zimmer\" target=\"_blank\" rel=\"noopener noreferrer\">Jacir Ant\u00f4nio Zimmer<\/a>. O dirigente de Florian\u00f3polis era tamb\u00e9m respons\u00e1vel pela coordena\u00e7\u00e3o da federa\u00e7\u00e3o dos trabalhadores do ramo financeiro de Santa Catarina e atuava na CUT do estado.<\/p>\n<p>No outro extremo do pa\u00eds, mais dois lutadores se foram antes de conseguir a vacina.\u00a0<a href=\"https:\/\/contrafcut.com.br\/noticias\/nota-de-falecimento-jose-pinheiro-de-oliveira\" target=\"_blank\" rel=\"noopener noreferrer\">Jos\u00e9 Pinheiro de Oliveira<\/a>, 53 anos, presidia o sindicato de Rond\u00f4nia e era banc\u00e1rio no Bradesco h\u00e1 35 anos. O mesmo banco onde trabalhava\u00a0<a href=\"https:\/\/contrafcut.com.br\/noticias\/nota-de-falecimento-4\" target=\"_blank\" rel=\"noopener noreferrer\">Cosmo Aderaldo da Silva<\/a>, tamb\u00e9m de 53 anos, e diretor de base do sindicato rondoniense.<\/p>\n<p>Em Mato Grosso,\u00a0<a href=\"http:\/\/feteccn.com.br\/ultimas\/fetec-cutcn-lamenta-com-profundo-pesar-falecimento-da-diretora-cleia-rigoti\/\" target=\"_blank\" rel=\"noopener noreferrer\">Cleunice de F\u00e1tima Castro Rigoti<\/a>, a Cleia, se recuperava de uma cirurgia de medula \u00f3ssea, realizada no in\u00edcio de 2020. Mas a diretora da federa\u00e7\u00e3o Centro-Norte foi infectada pela covid-19 e morreu no dia 3 de janeiro.\u00a0<\/p>\n<h3>Alegria que far\u00e1 falta<\/h3>\n<p>A alegria nordestina era um tra\u00e7o marcante de\u00a0<a href=\"http:\/\/www.bancariospe.org.br\/noticiasapp.asp?codigo=20182\" target=\"_blank\" rel=\"noopener noreferrer\">Adeilton Filho<\/a>. Aos 58 anos, no dia de Natal, o secret\u00e1rio de Cultura, Esportes e Lazer do sindicato de Pernambuco n\u00e3o resistiu \u00e0 infec\u00e7\u00e3o causada pela covid-19. Banc\u00e1rio no Bradesco, atuava em defesa da categoria desde 1994. Tamb\u00e9m far\u00e1 falta o perfil humanista de\u00a0<a href=\"https:\/\/contrafcut.com.br\/noticias\/nota-de-falecimento-gilvan-santana\" target=\"_blank\" rel=\"noopener noreferrer\">Gilvan Santana<\/a>, colega de Adeilton de banco e de sindicato, morto no ultimo dia 3 de maio.<\/p>\n<p>O sindicato do Cear\u00e1 perdeu dois dirigentes este ano.\u00a0<a href=\"https:\/\/www.bancariosce.org.br\/nota-de-pesar-pelo-falecimento-do-diretor-jose-maria-gallas\/\" target=\"_blank\" rel=\"noopener noreferrer\">Jos\u00e9 Maria de Albuquerque Gallas<\/a>, do Banco do Nordeste, o BNB, em 6 de mar\u00e7o. E\u00a0<a href=\"https:\/\/www.bancariosce.org.br\/nota-de-pesar-pelo-falecimento-do-diretor-do-sindicato-januario-de-souza-neto\/\" target=\"_blank\" rel=\"noopener noreferrer\">Janu\u00e1rio de Souza Neto<\/a>, de 52 anos, funcion\u00e1rio do BB, em 13 de fevereiro.<\/p>\n<p><a href=\"https:\/\/contrafcut.com.br\/noticias\/nota-de-falecimento-francisco-abdala-o-chicao\" target=\"_blank\" rel=\"noopener noreferrer\">Francisco Abdala<\/a>, o Chic\u00e3o, se foi em 16 de junho do ano passado, aos 58 anos. O funcion\u00e1rio do Ita\u00fa ingressou no sindicato do Rio de Janeiro em 1985 e participou ativamente da luta contra a privatiza\u00e7\u00e3o do Banerj.<\/p>\n<h3>Sem perder a ternura<\/h3>\n<p>O Rio tamb\u00e9m perdeu\u00a0<a href=\"https:\/\/fetrafrjes.org.br\/nota-de-falecimento-belmar-marchetti\/\" target=\"_blank\" rel=\"noopener noreferrer\">Belmar Marchetti<\/a>. No \u00faltimo dia 23 de maio, o banc\u00e1rio do Ita\u00fa e dirigente do sindicato, e federa\u00e7\u00e3o do Rio e Esp\u00edrito Santo foi levado pela covid-19. \u201cA vida nunca foi f\u00e1cil para Belmar, mas isso n\u00e3o lhe tirava da mente (o prov\u00e9rbio eternizado por Che Guevara): \u2018Hay que endurecerse, pero sin perder la ternura jam\u00e1s\u2019\u201d, lembram colegas de sindicato. \u201cBelmar e sua fam\u00edlia foram, por vezes, v\u00edtimas das chuvas de ver\u00e3o que assolam o Rio de Janeiro, mas nem mesmo o seu sofrimento lhe tirava o sentido da solidariedade com os muitos banc\u00e1rios que lhe procuravam. Sua disposi\u00e7\u00e3o de luta por uma sociedade mais justa tamb\u00e9m era uma de suas marcas.\u201d<\/p>\n<p>Esses 17 dirigentes sindicais banc\u00e1rios n\u00e3o ter\u00e3o direito \u00e0 vacina conquistada pela luta que com sua vida ajudaram a travar. Mas t\u00eam seus nomes inscritos nessa conquista que salvar\u00e1 outros tantos que poder\u00e3o seguir o exemplo de for\u00e7a e coragem t\u00e3o necess\u00e1rios para mudar o Brasil.<\/p>\n<p><strong>Fonte: Rede Brasil Atual<\/strong><\/p>\n","protected":false},"excerpt":{"rendered":"<p>T\u00e3o logo surgiram as primeiras informa\u00e7\u00f5es sobre vacina contra a covid-19, os banc\u00e1rios deram in\u00edcio \u00e0 luta pela inclus\u00e3o da categoria entre os\u00a0grupos priorit\u00e1rios\u00a0para a imuniza\u00e7\u00e3o. Foram enviados ao Minist\u00e9rio da Sa\u00fade documentos, of\u00edcios, estudos que comprovavam a emerg\u00eancia da reivindica\u00e7\u00e3o. Servi\u00e7o considerado essencial, os bancos permaneceram abertos durante toda a pandemia do coronav\u00edrus. O [&hellip;]<\/p>\n","protected":false},"author":2,"featured_media":11198,"comment_status":"","ping_status":"","sticky":false,"template":"","format":"standard","meta":{"footnotes":""},"categories":[3],"tags":[],"class_list":["post-11199","post","type-post","status-publish","format-standard","has-post-thumbnail","hentry","category-noticias"],"_links":{"self":[{"href":"https:\/\/hostnetart.com.br\/baixada\/wp-json\/wp\/v2\/posts\/11199","targetHints":{"allow":["GET"]}}],"collection":[{"href":"https:\/\/hostnetart.com.br\/baixada\/wp-json\/wp\/v2\/posts"}],"about":[{"href":"https:\/\/hostnetart.com.br\/baixada\/wp-json\/wp\/v2\/types\/post"}],"author":[{"embeddable":true,"href":"https:\/\/hostnetart.com.br\/baixada\/wp-json\/wp\/v2\/users\/2"}],"replies":[{"embeddable":true,"href":"https:\/\/hostnetart.com.br\/baixada\/wp-json\/wp\/v2\/comments?post=11199"}],"version-history":[{"count":0,"href":"https:\/\/hostnetart.com.br\/baixada\/wp-json\/wp\/v2\/posts\/11199\/revisions"}],"wp:featuredmedia":[{"embeddable":true,"href":"https:\/\/hostnetart.com.br\/baixada\/wp-json\/wp\/v2\/media\/11198"}],"wp:attachment":[{"href":"https:\/\/hostnetart.com.br\/baixada\/wp-json\/wp\/v2\/media?parent=11199"}],"wp:term":[{"taxonomy":"category","embeddable":true,"href":"https:\/\/hostnetart.com.br\/baixada\/wp-json\/wp\/v2\/categories?post=11199"},{"taxonomy":"post_tag","embeddable":true,"href":"https:\/\/hostnetart.com.br\/baixada\/wp-json\/wp\/v2\/tags?post=11199"}],"curies":[{"name":"wp","href":"https:\/\/api.w.org\/{rel}","templated":true}]}}