{"id":11197,"date":"2021-07-09T20:56:23","date_gmt":"2021-07-09T23:56:23","guid":{"rendered":"https:\/\/hostnetart.com.br\/baixada\/encontro-nacional-dos-trabalhadores-do-itau-sera-realizado-no-dia-5-de-agosto\/"},"modified":"2021-07-09T20:56:23","modified_gmt":"2021-07-09T23:56:23","slug":"encontro-nacional-dos-trabalhadores-do-itau-sera-realizado-no-dia-5-de-agosto","status":"publish","type":"post","link":"https:\/\/hostnetart.com.br\/baixada\/encontro-nacional-dos-trabalhadores-do-itau-sera-realizado-no-dia-5-de-agosto\/","title":{"rendered":"Encontro Nacional dos Trabalhadores do Ita\u00fa ser\u00e1 realizado no dia 5 de agosto"},"content":{"rendered":"<p>Emprego, Sa\u00fade, Remunera\u00e7\u00e3o e Previd\u00eancia. Esses ser\u00e3o os quatro temas do Encontro Nacional dos Trabalhadores do Ita\u00fa, que ser\u00e1 realizado no dia 5 de agosto, de forma virtual. A data e a pauta foram definidas na tarde de quarta-feira, durante a reuni\u00e3o da Comiss\u00e3o de Organiza\u00e7\u00f5es dos Empregados (COE) Ita\u00fa.<\/p>\n<p>\u201cEsse encontro \u00e9 muito importante, pois os direitos e os empregos dos trabalhadores do Ita\u00fa correm s\u00e9rios riscos. Precisamos nos organizar para a defesa do banc\u00e1rio\u201d, afirmou Jair Alves, coordenador da COE Ita\u00fa.<\/p>\n<p>A reuni\u00e3o tamb\u00e9m fez uma avalia\u00e7\u00e3o da campanha nacional contra demiss\u00e3o e valoriza\u00e7\u00e3o dos funcion\u00e1rios do banco #QueVergonhaIta\u00fa. \u201cAt\u00e9 agora n\u00f3s j\u00e1 conseguimos uma grande mobiliza\u00e7\u00e3o digital, mas queremos envolver mais gente. \u00c9 importante que todos os sindicatos e federa\u00e7\u00f5es do pa\u00eds usem nossas artes e postem nas suas redes sociais as hashtag da campanha\u201d, completou Jair.<\/p>\n<p><strong>Fonte: Contraf-CUT<\/strong><\/p>\n","protected":false},"excerpt":{"rendered":"<p>Emprego, Sa\u00fade, Remunera\u00e7\u00e3o e Previd\u00eancia. Esses ser\u00e3o os quatro temas do Encontro Nacional dos Trabalhadores do Ita\u00fa, que ser\u00e1 realizado no dia 5 de agosto, de forma virtual. A data e a pauta foram definidas na tarde de quarta-feira, durante a reuni\u00e3o da Comiss\u00e3o de Organiza\u00e7\u00f5es dos Empregados (COE) Ita\u00fa. \u201cEsse encontro \u00e9 muito importante, [&hellip;]<\/p>\n","protected":false},"author":2,"featured_media":11196,"comment_status":"","ping_status":"","sticky":false,"template":"","format":"standard","meta":{"footnotes":""},"categories":[3],"tags":[],"class_list":["post-11197","post","type-post","status-publish","format-standard","has-post-thumbnail","hentry","category-noticias"],"_links":{"self":[{"href":"https:\/\/hostnetart.com.br\/baixada\/wp-json\/wp\/v2\/posts\/11197","targetHints":{"allow":["GET"]}}],"collection":[{"href":"https:\/\/hostnetart.com.br\/baixada\/wp-json\/wp\/v2\/posts"}],"about":[{"href":"https:\/\/hostnetart.com.br\/baixada\/wp-json\/wp\/v2\/types\/post"}],"author":[{"embeddable":true,"href":"https:\/\/hostnetart.com.br\/baixada\/wp-json\/wp\/v2\/users\/2"}],"replies":[{"embeddable":true,"href":"https:\/\/hostnetart.com.br\/baixada\/wp-json\/wp\/v2\/comments?post=11197"}],"version-history":[{"count":0,"href":"https:\/\/hostnetart.com.br\/baixada\/wp-json\/wp\/v2\/posts\/11197\/revisions"}],"wp:featuredmedia":[{"embeddable":true,"href":"https:\/\/hostnetart.com.br\/baixada\/wp-json\/wp\/v2\/media\/11196"}],"wp:attachment":[{"href":"https:\/\/hostnetart.com.br\/baixada\/wp-json\/wp\/v2\/media?parent=11197"}],"wp:term":[{"taxonomy":"category","embeddable":true,"href":"https:\/\/hostnetart.com.br\/baixada\/wp-json\/wp\/v2\/categories?post=11197"},{"taxonomy":"post_tag","embeddable":true,"href":"https:\/\/hostnetart.com.br\/baixada\/wp-json\/wp\/v2\/tags?post=11197"}],"curies":[{"name":"wp","href":"https:\/\/api.w.org\/{rel}","templated":true}]}}