{"id":11195,"date":"2021-07-08T19:27:34","date_gmt":"2021-07-08T22:27:34","guid":{"rendered":"https:\/\/hostnetart.com.br\/baixada\/aprovada-urgencia-na-tramitacao-de-projeto-que-barra-a-cgpar-23\/"},"modified":"2021-07-08T19:27:34","modified_gmt":"2021-07-08T22:27:34","slug":"aprovada-urgencia-na-tramitacao-de-projeto-que-barra-a-cgpar-23","status":"publish","type":"post","link":"https:\/\/hostnetart.com.br\/baixada\/aprovada-urgencia-na-tramitacao-de-projeto-que-barra-a-cgpar-23\/","title":{"rendered":"Aprovada urg\u00eancia na tramita\u00e7\u00e3o de projeto que barra a CGPAR 23"},"content":{"rendered":"<p>Com 354 votos favor\u00e1veis e 20 contra, a C\u00e2mara dos Deputados aprovou, na tarde desta quinta-feira (8), o requerimento de urg\u00eancia na tramita\u00e7\u00e3o do Projeto de Decreto Legislativo 956\/2018, de autoria da deputada federal \u00c9rika Kokay (PT-DF), que susta os efeitos da\u00a0<a href=\"https:\/\/www.gov.br\/economia\/pt-br\/assuntos\/empresas-estatais-federais\/legislacao\/arquivos\/resolucao-no-23-de-18-de-janeiro-de-2018-diario-oficial-da-uniao-imprensa-nacional.pdf\" target=\"_blank\" rel=\"noopener noreferrer\">resolu\u00e7\u00e3o 23<\/a>\u00a0da Comiss\u00e3o Interministerial de Governan\u00e7a Corporativa e de Administra\u00e7\u00e3o de Participa\u00e7\u00f5es Societ\u00e1rias da Uni\u00e3o (CGPAR).<\/p>\n<p>\u201cEsta resolu\u00e7\u00e3o ilegal traz grandes preju\u00edzos aos empregados de empresas p\u00fablicas, inclusive dos bancos p\u00fablicos. Foi muito importante a aprova\u00e7\u00e3o da tramita\u00e7\u00e3o em regime de urg\u00eancia do PDC 956, que barra os descalabros que est\u00e3o sendo cometidos contra os planos de sa\u00fade do funcionalismo\u201d, afirmou o secret\u00e1rio de Rela\u00e7\u00f5es de Trabalho e respons\u00e1vel da Confedera\u00e7\u00e3o Nacional dos Trabalhadores do Ramo Financeiro (Contraf-CUT) pelo acompanhamento da tramita\u00e7\u00e3o dos projetos de interesses da categoria no Congresso Nacional, Jeferson Meira, o Jef\u00e3o. \u201cMas, ainda n\u00e3o acabou. Agora, temos que manter a articula\u00e7\u00e3o e a press\u00e3o sobre os deputados para que o PDC seja aprovado e encaminhado ao Senado para que se encerrem os ataques aos planos de sa\u00fade das empresas p\u00fablicas\u201d, completou.<\/p>\n<p>Em\u00a0<a href=\"https:\/\/contrafcut.com.br\/noticias\/cgpar-23-e-abusiva-e-ilegal-diz-a-deputada-federal-erika-kokay\" target=\"_blank\" rel=\"noopener noreferrer\">entrevista concedida \u00e0 Contraf-CUT<\/a>, a deputada Erika Kokay explicou os motivos pelos quais a CGPAR 23 deve ser barrada.<\/p>\n<p>\u201cUma resolu\u00e7\u00e3o n\u00e3o pode se contrapor ao regramento legal. Ela \u00e9 absolutamente abusiva e ilegal. A CGPAR 23 busca retirar direitos e desconstr\u00f3i ou enfrenta os contratos de trabalho\u201d, disse a deputada. \u201cEntramos com um projeto de decreto legislativo para impedir que esta resolu\u00e7\u00e3o venha a solapar direitos dos trabalhadores\u201d, completou a deputada.<\/p>\n<p>Com a aprova\u00e7\u00e3o do regime de urg\u00eancia, o PDC 956\/2018 deve\u00a0<a href=\"https:\/\/www2.camara.leg.br\/comunicacao\/assessoria-de-imprensa\/guia-para-jornalistas\/regime-de-tramitacao\" target=\"_blank\" rel=\"noopener noreferrer\">ir \u00e0 vota\u00e7\u00e3o na Ordem do Dia da sess\u00e3o deliberativa seguinte<\/a>, mesmo que seja no mesmo dia.<\/p>\n<p><strong>Fonte: Contraf-CUT<\/strong><\/p>\n<p>\u00a0<\/p>\n","protected":false},"excerpt":{"rendered":"<p>Com 354 votos favor\u00e1veis e 20 contra, a C\u00e2mara dos Deputados aprovou, na tarde desta quinta-feira (8), o requerimento de urg\u00eancia na tramita\u00e7\u00e3o do Projeto de Decreto Legislativo 956\/2018, de autoria da deputada federal \u00c9rika Kokay (PT-DF), que susta os efeitos da\u00a0resolu\u00e7\u00e3o 23\u00a0da Comiss\u00e3o Interministerial de Governan\u00e7a Corporativa e de Administra\u00e7\u00e3o de Participa\u00e7\u00f5es Societ\u00e1rias da [&hellip;]<\/p>\n","protected":false},"author":2,"featured_media":11194,"comment_status":"","ping_status":"","sticky":false,"template":"","format":"standard","meta":{"footnotes":""},"categories":[3],"tags":[],"class_list":["post-11195","post","type-post","status-publish","format-standard","has-post-thumbnail","hentry","category-noticias"],"_links":{"self":[{"href":"https:\/\/hostnetart.com.br\/baixada\/wp-json\/wp\/v2\/posts\/11195","targetHints":{"allow":["GET"]}}],"collection":[{"href":"https:\/\/hostnetart.com.br\/baixada\/wp-json\/wp\/v2\/posts"}],"about":[{"href":"https:\/\/hostnetart.com.br\/baixada\/wp-json\/wp\/v2\/types\/post"}],"author":[{"embeddable":true,"href":"https:\/\/hostnetart.com.br\/baixada\/wp-json\/wp\/v2\/users\/2"}],"replies":[{"embeddable":true,"href":"https:\/\/hostnetart.com.br\/baixada\/wp-json\/wp\/v2\/comments?post=11195"}],"version-history":[{"count":0,"href":"https:\/\/hostnetart.com.br\/baixada\/wp-json\/wp\/v2\/posts\/11195\/revisions"}],"wp:featuredmedia":[{"embeddable":true,"href":"https:\/\/hostnetart.com.br\/baixada\/wp-json\/wp\/v2\/media\/11194"}],"wp:attachment":[{"href":"https:\/\/hostnetart.com.br\/baixada\/wp-json\/wp\/v2\/media?parent=11195"}],"wp:term":[{"taxonomy":"category","embeddable":true,"href":"https:\/\/hostnetart.com.br\/baixada\/wp-json\/wp\/v2\/categories?post=11195"},{"taxonomy":"post_tag","embeddable":true,"href":"https:\/\/hostnetart.com.br\/baixada\/wp-json\/wp\/v2\/tags?post=11195"}],"curies":[{"name":"wp","href":"https:\/\/api.w.org\/{rel}","templated":true}]}}