{"id":11187,"date":"2021-07-06T15:35:25","date_gmt":"2021-07-06T18:35:25","guid":{"rendered":"https:\/\/hostnetart.com.br\/baixada\/ministerio-da-saude-anuncia-inclusao-de-bancarios-como-prioritarios-na-vacinacao-contra-covid\/"},"modified":"2021-07-06T15:35:25","modified_gmt":"2021-07-06T18:35:25","slug":"ministerio-da-saude-anuncia-inclusao-de-bancarios-como-prioritarios-na-vacinacao-contra-covid","status":"publish","type":"post","link":"https:\/\/hostnetart.com.br\/baixada\/ministerio-da-saude-anuncia-inclusao-de-bancarios-como-prioritarios-na-vacinacao-contra-covid\/","title":{"rendered":"Minist\u00e9rio da Sa\u00fade anuncia inclus\u00e3o de banc\u00e1rios como priorit\u00e1rios na vacina\u00e7\u00e3o contra Covid"},"content":{"rendered":"<p>O Ministro da Sa\u00fade, Marcelo Queiroga, anunciou, nesta ter\u00e7a-feira (6), que ir\u00e1 incluir banc\u00e1rios como priorit\u00e1rios na vacina\u00e7\u00e3o contra a Covid-19.<\/p>\n<p>O an\u00fancio foi feito pelo Twitter do Minist\u00e9rio da Sa\u00fade.<\/p>\n<p>A previs\u00e3o e de que\u00a0at\u00e9 o final da semana o informe t\u00e9cnico, que incluiu a categoria banc\u00e1ria, seja formalizado com a inclus\u00e3o dos banc\u00e1rios e dos trabalhadores dos Correios.<\/p>\n<p>O Minist\u00e9rio receber\u00e1 as informa\u00e7\u00f5es da distribui\u00e7\u00e3o da categoria pelos estados para a encaminhar as doses de vacina para serem aplicadas nos postos e unidades de sa\u00fade de cada local, a partir da semana que vem.<\/p>\n<p>Desde o final do ano passado, o Comando Nacional dos Banc\u00e1rios e a Confedera\u00e7\u00e3o Nacional dos Trabalhadores do Ramo Financeiro (Contraf-CUT) se mobilizam para a inclus\u00e3o da categoria entre as prioridades da vacina\u00e7\u00e3o. Em mar\u00e7o deste ano, as entidades enviaram of\u00edcio para o governo federal cobrando a inclus\u00e3o e explicando que era grande o risco de cont\u00e1gio no ambiente de trabalho nas ag\u00eancias, tanto para os profissionais que l\u00e1 trabalham como para a popula\u00e7\u00e3o que utiliza os servi\u00e7os banc\u00e1rios.<\/p>\n","protected":false},"excerpt":{"rendered":"<p>O Ministro da Sa\u00fade, Marcelo Queiroga, anunciou, nesta ter\u00e7a-feira (6), que ir\u00e1 incluir banc\u00e1rios como priorit\u00e1rios na vacina\u00e7\u00e3o contra a Covid-19. O an\u00fancio foi feito pelo Twitter do Minist\u00e9rio da Sa\u00fade. A previs\u00e3o e de que\u00a0at\u00e9 o final da semana o informe t\u00e9cnico, que incluiu a categoria banc\u00e1ria, seja formalizado com a inclus\u00e3o dos banc\u00e1rios [&hellip;]<\/p>\n","protected":false},"author":2,"featured_media":11186,"comment_status":"","ping_status":"","sticky":false,"template":"","format":"standard","meta":{"footnotes":""},"categories":[3],"tags":[],"class_list":["post-11187","post","type-post","status-publish","format-standard","has-post-thumbnail","hentry","category-noticias"],"_links":{"self":[{"href":"https:\/\/hostnetart.com.br\/baixada\/wp-json\/wp\/v2\/posts\/11187","targetHints":{"allow":["GET"]}}],"collection":[{"href":"https:\/\/hostnetart.com.br\/baixada\/wp-json\/wp\/v2\/posts"}],"about":[{"href":"https:\/\/hostnetart.com.br\/baixada\/wp-json\/wp\/v2\/types\/post"}],"author":[{"embeddable":true,"href":"https:\/\/hostnetart.com.br\/baixada\/wp-json\/wp\/v2\/users\/2"}],"replies":[{"embeddable":true,"href":"https:\/\/hostnetart.com.br\/baixada\/wp-json\/wp\/v2\/comments?post=11187"}],"version-history":[{"count":0,"href":"https:\/\/hostnetart.com.br\/baixada\/wp-json\/wp\/v2\/posts\/11187\/revisions"}],"wp:featuredmedia":[{"embeddable":true,"href":"https:\/\/hostnetart.com.br\/baixada\/wp-json\/wp\/v2\/media\/11186"}],"wp:attachment":[{"href":"https:\/\/hostnetart.com.br\/baixada\/wp-json\/wp\/v2\/media?parent=11187"}],"wp:term":[{"taxonomy":"category","embeddable":true,"href":"https:\/\/hostnetart.com.br\/baixada\/wp-json\/wp\/v2\/categories?post=11187"},{"taxonomy":"post_tag","embeddable":true,"href":"https:\/\/hostnetart.com.br\/baixada\/wp-json\/wp\/v2\/tags?post=11187"}],"curies":[{"name":"wp","href":"https:\/\/api.w.org\/{rel}","templated":true}]}}