{"id":11181,"date":"2021-07-06T00:03:44","date_gmt":"2021-07-06T03:03:44","guid":{"rendered":"https:\/\/hostnetart.com.br\/baixada\/comissao-de-desenvolvimento-economico-debate-a-importancia-da-caixa-economica-federal\/"},"modified":"2021-07-06T00:03:44","modified_gmt":"2021-07-06T03:03:44","slug":"comissao-de-desenvolvimento-economico-debate-a-importancia-da-caixa-economica-federal","status":"publish","type":"post","link":"https:\/\/hostnetart.com.br\/baixada\/comissao-de-desenvolvimento-economico-debate-a-importancia-da-caixa-economica-federal\/","title":{"rendered":"Comiss\u00e3o de Desenvolvimento Econ\u00f4mico debate a import\u00e2ncia da Caixa Econ\u00f4mica Federal"},"content":{"rendered":"<p>O deputado Z\u00e9 Neto (PT-BA), autor do requerimento do debate, afirmou que a Caixa \u00e9 uma das empresas p\u00fablicas mais importantes do pa\u00eds. Segundo ele, mesmo que tenha sido imprescind\u00edvel para avan\u00e7ar pol\u00edticas habitacionais, especialmente o Minha Casa Minha Vida, e para viabilizar o pagamento do Aux\u00edlio Emergencial, em raz\u00e3o de sua capilaridade, compet\u00eancia t\u00e9cnica e presen\u00e7a em todo o territ\u00f3rio nacional, a empresa pode ser prejudicada pela atual linha de pol\u00edtica econ\u00f4mica. \u201cVerificam-se diversas medidas para fechar ag\u00eancias, realizar vendas de carteiras pouco explicadas, efetivar programas de demiss\u00f5es e preparar a empresa para alguma forma de desestatiza\u00e7\u00e3o, em conson\u00e2ncia com a perspectiva de que \u00e9 melhor passar ativos p\u00fablicos ao setor privado, como se houvesse bancos privados capazes de efetivar as pol\u00edticas que a Caixa realiza\u201d, afirmou.<\/p>\n<p>\u201cA Caixa \u00e9 um banco fundamental para o desenvolvimento do Brasil. Por isso, defendemos a Caixa 100% P\u00fablica e seus empregados, que diariamente se desdobram para atender a popula\u00e7\u00e3o brasileira\u201d, afirmou Fabiana Uehara Prosholdt, coordenadora da Comiss\u00e3o Executiva dos Empregados (CEE) da Caixa) e secret\u00e1ria da Cultura da Confedera\u00e7\u00e3o Nacional dos Trabalhadores do Ramo Financeiro (Contraf-CUT), que ir\u00e1 participar do debate.<\/p>\n<p>Al\u00e9m dela, foram convidados o superintendente nacional de Trajet\u00f3ria e Desenvolvimento da Caixa, Domicio Tinoco Pinto Neto; o presidente da Federa\u00e7\u00e3o Nacional das Associa\u00e7\u00f5es do Pessoal da Caixa Econ\u00f4mica Federal (Fenae), Sergio Takemoto; a coordenadora do Comit\u00ea Nacional em Defesa das Empresas P\u00fablicas e Conselheira de Administra\u00e7\u00e3o da Caixa, Maria Rita Serrano; e a representante da comiss\u00e3o dos aprovados no \u00faltimo concurso, Isabela Freitas Santana.<\/p>\n<p>O p\u00fablico poder\u00e1 acompanhar e participar do debate pelo\u00a0<a href=\"https:\/\/edemocracia.camara.leg.br\/audiencias\/sala\/2029\" target=\"_blank\" rel=\"noopener noreferrer\">e-democracia<\/a>.<\/p>\n<p><strong>Fonte: Contraf-CUT<\/strong><\/p>\n","protected":false},"excerpt":{"rendered":"<p>O deputado Z\u00e9 Neto (PT-BA), autor do requerimento do debate, afirmou que a Caixa \u00e9 uma das empresas p\u00fablicas mais importantes do pa\u00eds. Segundo ele, mesmo que tenha sido imprescind\u00edvel para avan\u00e7ar pol\u00edticas habitacionais, especialmente o Minha Casa Minha Vida, e para viabilizar o pagamento do Aux\u00edlio Emergencial, em raz\u00e3o de sua capilaridade, compet\u00eancia t\u00e9cnica [&hellip;]<\/p>\n","protected":false},"author":2,"featured_media":11180,"comment_status":"","ping_status":"","sticky":false,"template":"","format":"standard","meta":{"footnotes":""},"categories":[3],"tags":[],"class_list":["post-11181","post","type-post","status-publish","format-standard","has-post-thumbnail","hentry","category-noticias"],"_links":{"self":[{"href":"https:\/\/hostnetart.com.br\/baixada\/wp-json\/wp\/v2\/posts\/11181","targetHints":{"allow":["GET"]}}],"collection":[{"href":"https:\/\/hostnetart.com.br\/baixada\/wp-json\/wp\/v2\/posts"}],"about":[{"href":"https:\/\/hostnetart.com.br\/baixada\/wp-json\/wp\/v2\/types\/post"}],"author":[{"embeddable":true,"href":"https:\/\/hostnetart.com.br\/baixada\/wp-json\/wp\/v2\/users\/2"}],"replies":[{"embeddable":true,"href":"https:\/\/hostnetart.com.br\/baixada\/wp-json\/wp\/v2\/comments?post=11181"}],"version-history":[{"count":0,"href":"https:\/\/hostnetart.com.br\/baixada\/wp-json\/wp\/v2\/posts\/11181\/revisions"}],"wp:featuredmedia":[{"embeddable":true,"href":"https:\/\/hostnetart.com.br\/baixada\/wp-json\/wp\/v2\/media\/11180"}],"wp:attachment":[{"href":"https:\/\/hostnetart.com.br\/baixada\/wp-json\/wp\/v2\/media?parent=11181"}],"wp:term":[{"taxonomy":"category","embeddable":true,"href":"https:\/\/hostnetart.com.br\/baixada\/wp-json\/wp\/v2\/categories?post=11181"},{"taxonomy":"post_tag","embeddable":true,"href":"https:\/\/hostnetart.com.br\/baixada\/wp-json\/wp\/v2\/tags?post=11181"}],"curies":[{"name":"wp","href":"https:\/\/api.w.org\/{rel}","templated":true}]}}