{"id":11179,"date":"2021-07-02T03:11:15","date_gmt":"2021-07-02T06:11:15","guid":{"rendered":"https:\/\/hostnetart.com.br\/baixada\/conselho-de-usuarios-do-saude-caixa-representantes-dos-empregados-cobram-melhorias-na-gestao-do-plano\/"},"modified":"2021-07-02T03:11:15","modified_gmt":"2021-07-02T06:11:15","slug":"conselho-de-usuarios-do-saude-caixa-representantes-dos-empregados-cobram-melhorias-na-gestao-do-plano","status":"publish","type":"post","link":"https:\/\/hostnetart.com.br\/baixada\/conselho-de-usuarios-do-saude-caixa-representantes-dos-empregados-cobram-melhorias-na-gestao-do-plano\/","title":{"rendered":"Conselho de Usu\u00e1rios do Sa\u00fade Caixa: representantes dos empregados cobram melhorias na gest\u00e3o do plano"},"content":{"rendered":"<p>A\u00a0reuni\u00e3o do Conselho de Usu\u00e1rios do Sa\u00fade Caixa, realizada virtualmente na\u00a0quarta-feira (30),\u00a0n\u00e3o registrou avan\u00e7os.\u00a0Boa parte\u00a0do encontro girou em torno\u00a0do impasse em rela\u00e7\u00e3o a todos os transtornos\u00a0que as mudan\u00e7as na administra\u00e7\u00e3o do plano de sa\u00fade\u00a0t\u00eam provocado.\u00a0O colegiado\u00a0atua como um\u00a0instrumento essencial para o acompanhamento da gest\u00e3o financeira e administrativa do Sa\u00fade Caixa, n\u00e3o possui car\u00e1ter deliberativo e \u00e9 formado\u00a0paritariamente\u00a0por representantes\u00a0titulares eleitos pelos\u00a0empregados e\u00a0por indicados pela\u00a0Caixa Econ\u00f4mica Federal, al\u00e9m de seus respectivos suplentes.\u00a0\u00a0<br \/>\u00a0<br \/>Logo no in\u00edcio da reuni\u00e3o,\u00a0com base no grande n\u00famero de reclama\u00e7\u00f5es\u00a0dos usu\u00e1rios,\u00a0recebidas atrav\u00e9s de m\u00eddias sociais e do aplicativo\u00a0WhatsApp,\u00a0os representantes dos empregados\u00a0manifestaram\u00a0preocupa\u00e7\u00e3o\u00a0com o funcionamento\u00a0da Central de Atendimento\u00a0e com o descredenciamento de profissionais,\u00a0seja de ordem espont\u00e2nea por parte do prestador, seja\u00a0por iniciativa do banco p\u00fablico.\u00a0Foram cobrados tamb\u00e9m\u00a0esclarecimentos\u00a0sobre a recusa de novos credenciamentos, em virtude do novo formato de pagamento,\u00a0e no tocante \u00e0 dificuldade dos usu\u00e1rios\u00a0de acessar as informa\u00e7\u00f5es no site da Central de Atendimento.\u00a0<br \/>\u00a0<br \/>Foram muitos os problemas apontados.\u00a0A not\u00edcia de que as\u00a0Ger\u00eancias de Filial de Pessoas (Gipes)\u00a0remanescentes ser\u00e3o transformadas em\u00a0Representa\u00e7\u00f5es causou surpresa e indigna\u00e7\u00e3o entre os representantes dos empregados, devido \u00e0 falta de respeito aos usu\u00e1rios ativos e aposentados, notadamente neste\u00a0momento de desordem social causada pela pandemia.\u00a0\u201cQueremos saber\u00a0desta Representa\u00e7\u00e3o, tendo em vista o trabalho do GT Sa\u00fade Caixa, como ser\u00e1\u00a0formatado o novo modelo de plano\u00a0e\u00a0que n\u00fameros ser\u00e3o usados como base de dados?\u201d, questionou\u00a0a conselheira eleita\u00a0Zuleida\u00a0Martins Rosa.\u00a0\u00a0<br \/>\u00a0<br \/>O membro do conselho de usu\u00e1rios do Sa\u00fade Caixa e dirigente do Sindicato dos Banc\u00e1rios de S\u00e3o Paulo, Francisco Pugliesi, refor\u00e7ou a preocupa\u00e7\u00e3o dos conselheiros eleitos com os ataques ao plano de sa\u00fade, o que tem levado inseguran\u00e7a aos empregados. &#8220;\u00c9 importante o usu\u00e1rio estar atento para o n\u00edvel de ataque que est\u00e1 ocorrendo ao Sa\u00fade Caixa. No meio da maior\u00a0 pandemia de nossa gera\u00e7\u00e3o, fazer uma reestrutura\u00e7\u00e3o, justamente na \u00e1rea de pessoas, quando os trabalhadores j\u00e1 est\u00e3o sobrecarregados\u00a0 e temerosos nos seus locais de trabalho por causa da Covid-19, e ainda a inseguran\u00e7a de n\u00e3o saberem se um hospital de sua confian\u00e7a est\u00e1 ou n\u00e3o credenciado. \u00c9 mais uma irresponsabilidade da dire\u00e7\u00e3o da Caixa, de Pedro Guimar\u00e3es&#8221;.<\/p>\n<p>Na reuni\u00e3o com os representantes do banco, os conselheiros eleitos\u00a0indagaram sobre a exist\u00eancia ou n\u00e3o de pend\u00eancias\u00a0de regulariza\u00e7\u00e3o das mensalidades dos empregados que sa\u00edram no Plano de Demiss\u00e3o Volunt\u00e1ria (PDV). Houve ainda questionamentos\u00a0em rela\u00e7\u00e3o aos benefici\u00e1rios que n\u00e3o s\u00e3o cobrados h\u00e1 mais de ano, enquanto outros usu\u00e1rios\u00a0recebem cobran\u00e7a\u00a0por diferen\u00e7as de anos anteriores.\u00a0\u00a0<br \/>\u00a0<br \/>Foram relatados casos de benefici\u00e1rios que autorizam o d\u00e9bito e estes\u00a0n\u00e3o s\u00e3o efetuados, numa situa\u00e7\u00e3o agravada pela n\u00e3o identifica\u00e7\u00e3o e, consequentemente, pela falta de cobran\u00e7a\u00a0dos que recebem em separado seus proventos do \u00f3rg\u00e3o de previd\u00eancia oficial e da\u00a0Funda\u00e7\u00e3o dos Economi\u00e1rios Federais (Funcef).\u00a0\u00a0<br \/>\u00a0<br \/>Zuleida\u00a0Martins\u00a0perguntou\u00a0sobre os motivos\u00a0que causam todos os problemas detectados no Sa\u00fade Caixa.\u00a0Segundo ela, caber\u00e1 \u00e0 Caixa responder,\u00a0com a urg\u00eancia necess\u00e1ria,\u00a0a\u00a0todas as quest\u00f5es apontadas\u00a0A suspeita \u00e9 de que muitos dos problemas est\u00e3o relacionados\u00a0\u00e0 falta de pessoal nas \u00e1reas respons\u00e1veis ou \u00e0 falta de conhecimento\u00a0dos setores designados para administrar o plano,\u00a0decorrendo\u00a0ainda\u00a0de\u00a0demiss\u00f5es de trabalhadores pela empresa que administra\u00a0a Central de Atendimento.\u00a0\u00a0<\/p>\n<p>Os conselheiros eleitos\u00a0relataram tamb\u00e9m que muitos usu\u00e1rios\u00a0est\u00e3o incomodados com eventuais\u00a0neglig\u00eancias\u00a0da empresa respons\u00e1vel pela cobran\u00e7a. Outro alvo de cr\u00edtica diz respeito \u00e0 falta de acompanhamento do plano\u00a0por\u00a0pesquisa de satisfa\u00e7\u00e3o dos benefici\u00e1rios, conforme prevista no Acordo Coletivo de Trabalho (ACT).\u00a0Durante a reuni\u00e3o, os representantes dos empregados reafirmaram preocupa\u00e7\u00e3o e discord\u00e2ncia\u00a0com a forma como a Caixa administra o Sa\u00fade Caixa, recusando-se, muitas vezes,\u00a0a fazer corre\u00e7\u00f5es dos processos.\u00a0<br \/>\u00a0<br \/>Os conselheiros eleitos\u00a0refor\u00e7aram\u00a0ainda\u00a0a import\u00e2ncia da rede credenciada pr\u00f3pria, com capacidade de fortalecer a condi\u00e7\u00e3o do Sa\u00fade Caixa como operadora de plano de sa\u00fade de autogest\u00e3o por RH.\u00a0\u00a0<br \/>\u00a0<br \/><span style=\"text-decoration: underline;\">Direito a atendimento decente\u00a0\u00a0<\/span><br \/>\u00a0<br \/>A coordenadora da Comiss\u00e3o Executiva dos Empregados\u00a0(CEE\/Caixa)\u00a0e integrante eleita do Conselho de Usu\u00e1rios do Sa\u00fade Caixa, Fabiana Uehara\u00a0Proscholdt,\u00a0opinou que o usu\u00e1rio tem direito a um atendimento decente, compat\u00edvel com um plano\u00a0financeiramente vi\u00e1vel a todos os empregados do banco.\u00a0Ela defendeu tamb\u00e9m o engajamento\u00a0dos trabalhadores da ativa e dos aposentados na defesa do\u00a0Sa\u00fade Caixa,\u00a0ressaltando que \u201cos par\u00e2metros de solidariedade, pacto intergeracional s\u00e3o inegoci\u00e1veis\u201d.\u00a0<br \/>\u00a0<br \/>\u201cO momento\u00a0\u00e9 prop\u00edcio para cobrarmos cada vez mais transpar\u00eancia da Caixa sobre o nosso plano de sa\u00fade, que \u00e9 uma das maiores conquistas da categoria.\u00a0Este \u00e9 o papel do Conselho de Usu\u00e1rios\u201d, comenta Sergio\u00a0Takemoto, presidente da\u00a0Federa\u00e7\u00e3o Nacional das Associa\u00e7\u00f5es do Pessoal da Caixa (Fenae).\u00a0\u00a0<br \/>\u00a0<br \/>As pr\u00f3ximas reuni\u00f5es do Conselho de Usu\u00e1rios est\u00e3o marcadas\u00a0em duas datas: 15 de setembro e 8 de dezembro.<\/p>\n<p><strong>Fonte: Fenae<\/strong><\/p>\n","protected":false},"excerpt":{"rendered":"<p>A\u00a0reuni\u00e3o do Conselho de Usu\u00e1rios do Sa\u00fade Caixa, realizada virtualmente na\u00a0quarta-feira (30),\u00a0n\u00e3o registrou avan\u00e7os.\u00a0Boa parte\u00a0do encontro girou em torno\u00a0do impasse em rela\u00e7\u00e3o a todos os transtornos\u00a0que as mudan\u00e7as na administra\u00e7\u00e3o do plano de sa\u00fade\u00a0t\u00eam provocado.\u00a0O colegiado\u00a0atua como um\u00a0instrumento essencial para o acompanhamento da gest\u00e3o financeira e administrativa do Sa\u00fade Caixa, n\u00e3o possui car\u00e1ter deliberativo e [&hellip;]<\/p>\n","protected":false},"author":2,"featured_media":11178,"comment_status":"","ping_status":"","sticky":false,"template":"","format":"standard","meta":{"footnotes":""},"categories":[3],"tags":[],"class_list":["post-11179","post","type-post","status-publish","format-standard","has-post-thumbnail","hentry","category-noticias"],"_links":{"self":[{"href":"https:\/\/hostnetart.com.br\/baixada\/wp-json\/wp\/v2\/posts\/11179","targetHints":{"allow":["GET"]}}],"collection":[{"href":"https:\/\/hostnetart.com.br\/baixada\/wp-json\/wp\/v2\/posts"}],"about":[{"href":"https:\/\/hostnetart.com.br\/baixada\/wp-json\/wp\/v2\/types\/post"}],"author":[{"embeddable":true,"href":"https:\/\/hostnetart.com.br\/baixada\/wp-json\/wp\/v2\/users\/2"}],"replies":[{"embeddable":true,"href":"https:\/\/hostnetart.com.br\/baixada\/wp-json\/wp\/v2\/comments?post=11179"}],"version-history":[{"count":0,"href":"https:\/\/hostnetart.com.br\/baixada\/wp-json\/wp\/v2\/posts\/11179\/revisions"}],"wp:featuredmedia":[{"embeddable":true,"href":"https:\/\/hostnetart.com.br\/baixada\/wp-json\/wp\/v2\/media\/11178"}],"wp:attachment":[{"href":"https:\/\/hostnetart.com.br\/baixada\/wp-json\/wp\/v2\/media?parent=11179"}],"wp:term":[{"taxonomy":"category","embeddable":true,"href":"https:\/\/hostnetart.com.br\/baixada\/wp-json\/wp\/v2\/categories?post=11179"},{"taxonomy":"post_tag","embeddable":true,"href":"https:\/\/hostnetart.com.br\/baixada\/wp-json\/wp\/v2\/tags?post=11179"}],"curies":[{"name":"wp","href":"https:\/\/api.w.org\/{rel}","templated":true}]}}