{"id":11177,"date":"2021-07-02T03:00:17","date_gmt":"2021-07-02T06:00:17","guid":{"rendered":"https:\/\/hostnetart.com.br\/baixada\/aumento-drastico-da-participacao-dos-empregados-impede-avancos-do-gt-saude-caixa\/"},"modified":"2021-07-02T03:00:17","modified_gmt":"2021-07-02T06:00:17","slug":"aumento-drastico-da-participacao-dos-empregados-impede-avancos-do-gt-saude-caixa","status":"publish","type":"post","link":"https:\/\/hostnetart.com.br\/baixada\/aumento-drastico-da-participacao-dos-empregados-impede-avancos-do-gt-saude-caixa\/","title":{"rendered":"Aumento dr\u00e1stico da participa\u00e7\u00e3o dos empregados impede avan\u00e7os do GT Sa\u00fade Caixa"},"content":{"rendered":"<p>A d\u00e9cima quinta reuni\u00e3o do Grupo de Trabalho (GT) Sa\u00fade Caixa, realizada na tarde desta quinta-feira (1), voltou a debater o modelo de custeio do Sa\u00fade Caixa a partir de 2022. Entretanto, as negocia\u00e7\u00f5es continuam sem avan\u00e7os por conta da intransig\u00eancia da dire\u00e7\u00e3o da Caixa, que insiste em aplicar as limita\u00e7\u00f5es previstas na Resolu\u00e7\u00e3o 23 da Comiss\u00e3o Interministerial de Governan\u00e7a Corporativa e de Administra\u00e7\u00e3o de Participa\u00e7\u00f5es Societ\u00e1rias da Uni\u00e3o (CGPAR 23).<\/p>\n<p>A representa\u00e7\u00e3o dos empregados da Caixa refor\u00e7ou, mais uma vez, que \u00e9 contra a aplica\u00e7\u00e3o da resolu\u00e7\u00e3o, que transfere custos da empresa para os empregados. Lembrou tamb\u00e9m que n\u00e3o h\u00e1 previs\u00e3o no Acordo Coletivo de Trabalho (ACT) vigente de aplicar esta resolu\u00e7\u00e3o. \u201cO plano precisa ser economicamente sustent\u00e1vel e financeiramente vi\u00e1vel para as pessoas\u201d, salientou Leonardo Quadros, membro do GT e presidente da Apcef\/SP. \u201cNos primeiros ensaios feitos para os valores de custeio, ficou claro, para n\u00f3s, que a imposi\u00e7\u00e3o da resolu\u00e7\u00e3o 23 da CGPAR, como pretende a gest\u00e3o atual, tornar\u00e1 o plano financeiramente invi\u00e1vel para muitos colegas. A gest\u00e3o Pedro Guimar\u00e3es precisa entender que esta intransig\u00eancia pode custar suas vidas, por n\u00e3o terem a assist\u00eancia de um plano de sa\u00fade em um momento de pandemia\u201d, completou.<\/p>\n<p>\u201cDif\u00edcil fazer o debate quando o que temos \u00e9 um cen\u00e1rio de imposi\u00e7\u00e3o e a CGPAR 23 veio para acabar com todos os planos de sa\u00fade das estatais, inclusive o nosso. Fato \u00e9 que o aumento dr\u00e1stico que no momento vislumbramos esvazia o plano pois uma parte dos empregados n\u00e3o ter\u00e1 condi\u00e7\u00f5es de manter, outra parte ter\u00e1 outras op\u00e7\u00f5es no mercado e a parcela que ficar em determinado momento n\u00e3o conseguir\u00e1 sustentar. J\u00e1 que o presidente Pedro Guimar\u00e3es fala tanto em valorizar os empregados, que tal refor\u00e7ar nosso plano de sa\u00fade ao inv\u00e9s de inviabiliz\u00e1-lo?\u201d, questionou Fabiana Uehara Prosholdt, coordenadora da Comiss\u00e3o Executiva dos Empregados (CEE\/Caixa) e do GT e secret\u00e1ria da Cultura da Confedera\u00e7\u00e3o Nacional dos Trabalhadores do Ramo Financeiro (Contraf-CUT).<\/p>\n<p>Durante o encontro, a Caixa informou que ainda n\u00e3o conseguiu levantar as informa\u00e7\u00f5es pedidas pela empresa de consultoria atuarial contratada pelo movimento sindical. A pr\u00f3xima reuni\u00e3o do GT Sa\u00fade Caixa ser\u00e1 realizada na ter\u00e7a-feira (6).<\/p>\n<p><strong>Fonte: Contraf-CUT<\/strong><\/p>\n","protected":false},"excerpt":{"rendered":"<p>A d\u00e9cima quinta reuni\u00e3o do Grupo de Trabalho (GT) Sa\u00fade Caixa, realizada na tarde desta quinta-feira (1), voltou a debater o modelo de custeio do Sa\u00fade Caixa a partir de 2022. Entretanto, as negocia\u00e7\u00f5es continuam sem avan\u00e7os por conta da intransig\u00eancia da dire\u00e7\u00e3o da Caixa, que insiste em aplicar as limita\u00e7\u00f5es previstas na Resolu\u00e7\u00e3o 23 [&hellip;]<\/p>\n","protected":false},"author":2,"featured_media":11176,"comment_status":"","ping_status":"","sticky":false,"template":"","format":"standard","meta":{"footnotes":""},"categories":[3],"tags":[],"class_list":["post-11177","post","type-post","status-publish","format-standard","has-post-thumbnail","hentry","category-noticias"],"_links":{"self":[{"href":"https:\/\/hostnetart.com.br\/baixada\/wp-json\/wp\/v2\/posts\/11177","targetHints":{"allow":["GET"]}}],"collection":[{"href":"https:\/\/hostnetart.com.br\/baixada\/wp-json\/wp\/v2\/posts"}],"about":[{"href":"https:\/\/hostnetart.com.br\/baixada\/wp-json\/wp\/v2\/types\/post"}],"author":[{"embeddable":true,"href":"https:\/\/hostnetart.com.br\/baixada\/wp-json\/wp\/v2\/users\/2"}],"replies":[{"embeddable":true,"href":"https:\/\/hostnetart.com.br\/baixada\/wp-json\/wp\/v2\/comments?post=11177"}],"version-history":[{"count":0,"href":"https:\/\/hostnetart.com.br\/baixada\/wp-json\/wp\/v2\/posts\/11177\/revisions"}],"wp:featuredmedia":[{"embeddable":true,"href":"https:\/\/hostnetart.com.br\/baixada\/wp-json\/wp\/v2\/media\/11176"}],"wp:attachment":[{"href":"https:\/\/hostnetart.com.br\/baixada\/wp-json\/wp\/v2\/media?parent=11177"}],"wp:term":[{"taxonomy":"category","embeddable":true,"href":"https:\/\/hostnetart.com.br\/baixada\/wp-json\/wp\/v2\/categories?post=11177"},{"taxonomy":"post_tag","embeddable":true,"href":"https:\/\/hostnetart.com.br\/baixada\/wp-json\/wp\/v2\/tags?post=11177"}],"curies":[{"name":"wp","href":"https:\/\/api.w.org\/{rel}","templated":true}]}}