{"id":11169,"date":"2021-07-01T15:47:38","date_gmt":"2021-07-01T18:47:38","guid":{"rendered":"https:\/\/hostnetart.com.br\/baixada\/sindicato-dos-bancarios-da-baixada-fluminense-reintegra-mais-um-bancaria-do-itau\/"},"modified":"2021-07-01T15:47:38","modified_gmt":"2021-07-01T18:47:38","slug":"sindicato-dos-bancarios-da-baixada-fluminense-reintegra-mais-um-bancaria-do-itau","status":"publish","type":"post","link":"https:\/\/hostnetart.com.br\/baixada\/sindicato-dos-bancarios-da-baixada-fluminense-reintegra-mais-um-bancaria-do-itau\/","title":{"rendered":"Sindicato dos Banc\u00e1rios da Baixada Fluminense reintegra mais um banc\u00e1ria do Ita\u00fa"},"content":{"rendered":"<div class=\"\" data-block=\"true\" data-editor=\"1i7an\" data-offset-key=\"5rsjg-0-0\">\n<div class=\"_1mf _1mj\" data-offset-key=\"5rsjg-0-0\"><span data-offset-key=\"5rsjg-0-0\">[AS REINTEGRA\u00c7\u00d5ES N\u00c3O PARAM!]<\/span><\/div>\n<\/div>\n<div class=\"\" data-block=\"true\" data-editor=\"1i7an\" data-offset-key=\"fbo1f-0-0\">\n<div class=\"_1mf _1mj\" data-offset-key=\"fbo1f-0-0\"><span data-offset-key=\"fbo1f-0-0\">Sindicato dos Banc\u00e1rios da Baixada Fluminense reintegra mais um banc\u00e1ria do Ita\u00fa<\/span><\/div>\n<\/div>\n<div class=\"\" data-block=\"true\" data-editor=\"1i7an\" data-offset-key=\"8mbgn-0-0\">\n<div class=\"_1mf _1mj\" data-offset-key=\"8mbgn-0-0\"><span data-offset-key=\"8mbgn-0-0\">\u00a0<\/span><\/div>\n<\/div>\n<div class=\"\" data-block=\"true\" data-editor=\"1i7an\" data-offset-key=\"2ab72-0-0\">\n<div class=\"_1mf _1mj\" data-offset-key=\"2ab72-0-0\"><span data-offset-key=\"2ab72-0-0\">As reintegra\u00e7\u00f5es seguem a todo vapor.<\/span><\/div>\n<\/div>\n<div class=\"\" data-block=\"true\" data-editor=\"1i7an\" data-offset-key=\"fe9ao-0-0\">\n<div class=\"_1mf _1mj\" data-offset-key=\"fe9ao-0-0\"><span data-offset-key=\"fe9ao-0-0\">\u00a0<\/span><\/div>\n<\/div>\n<div class=\"\" data-block=\"true\" data-editor=\"1i7an\" data-offset-key=\"et9t8-0-0\">\n<div class=\"_1mf _1mj\" data-offset-key=\"et9t8-0-0\"><span data-offset-key=\"et9t8-0-0\">Nesta quinta-feira, dia 1 de julho, mais uma banc\u00e1ria do Banco Ita\u00fa foi reintegrada pelo Sindicato dos Banc\u00e1rios da Baixada Fluminense.<\/span><\/div>\n<\/div>\n<div class=\"\" data-block=\"true\" data-editor=\"1i7an\" data-offset-key=\"3vmk4-0-0\">\n<div class=\"_1mf _1mj\" data-offset-key=\"3vmk4-0-0\"><span data-offset-key=\"3vmk4-0-0\">\u00a0<\/span><\/div>\n<\/div>\n<div class=\"\" data-block=\"true\" data-editor=\"1i7an\" data-offset-key=\"dpdtm-0-0\">\n<div class=\"_1mf _1mj\" data-offset-key=\"dpdtm-0-0\"><span data-offset-key=\"dpdtm-0-0\">Atrav\u00e9s de decis\u00e3o da 3a Vara do Trabalho de Duque de Caxias, Alessandra Assump\u00e7\u00e3o de Oliveira teve suas fun\u00e7\u00f5es restitu\u00eddas e foi reintegrada em sua ag\u00eancia, localizada em Gramacho.<\/span><\/div>\n<\/div>\n<div class=\"\" data-block=\"true\" data-editor=\"1i7an\" data-offset-key=\"cr3ia-0-0\">\n<div class=\"_1mf _1mj\" data-offset-key=\"cr3ia-0-0\"><span data-offset-key=\"cr3ia-0-0\">\u00a0<\/span><\/div>\n<\/div>\n<div class=\"\" data-block=\"true\" data-editor=\"1i7an\" data-offset-key=\"76ots-0-0\">\n<div class=\"_1mf _1mj\" data-offset-key=\"76ots-0-0\"><span data-offset-key=\"76ots-0-0\">A reintegra\u00e7\u00e3o \u00e9 resultado de um trabalho s\u00e9rio e competente que os Departamentos Jur\u00eddico e de Sa\u00fade do Sindicato dos Banc\u00e1rios da Baixada Fluminense vem fazendo.<\/span><\/div>\n<\/div>\n<div class=\"\" data-block=\"true\" data-editor=\"1i7an\" data-offset-key=\"3fgv3-0-0\">\n<div class=\"_1mf _1mj\" data-offset-key=\"3fgv3-0-0\"><span data-offset-key=\"3fgv3-0-0\">\u00a0<\/span><\/div>\n<\/div>\n<div class=\"\" data-block=\"true\" data-editor=\"1i7an\" data-offset-key=\"b5vv1-0-0\">\n<div class=\"_1mf _1mj\" data-offset-key=\"b5vv1-0-0\"><span data-offset-key=\"b5vv1-0-0\">Alessandra foi demitida em plena pandemia do novo coronav\u00edrus, contrariando um compromisso firmado pelos grandes bancos com a categoria banc\u00e1ria de n\u00e3o demitir durante a pandemia. A banc\u00e1ria tamb\u00e9m obteve o benef\u00edcio previdenci\u00e1rio na modalidade B-31, aux\u00edlio doen\u00e7a, durante a proje\u00e7\u00e3o do aviso pr\u00e9vio, caracterizando que estava inapta, quando houve a demiss\u00e3o.<\/span><\/div>\n<\/div>\n<div class=\"\" data-block=\"true\" data-editor=\"1i7an\" data-offset-key=\"726jp-0-0\">\n<div class=\"_1mf _1mj\" data-offset-key=\"726jp-0-0\"><span data-offset-key=\"726jp-0-0\">\u00a0<\/span><\/div>\n<\/div>\n<div class=\"\" data-block=\"true\" data-editor=\"1i7an\" data-offset-key=\"1d99-0-0\">\n<div class=\"_1mf _1mj\" data-offset-key=\"1d99-0-0\"><span data-offset-key=\"1d99-0-0\">\u201cQuando fui demitida, fiquei desnorteada. Procurei imediatamente o Sindicato e fui recebida da melhor maneira. Me tranquilizaram, eu confiei e o resultado veio. S\u00f3 tenho elogios e queria agradecer muito pro trabalho excelente que eles vem fazendo em prol da categoria banc\u00e1ria\u201d, relatou a banc\u00e1ria.<\/span><\/div>\n<\/div>\n<div class=\"\" data-block=\"true\" data-editor=\"1i7an\" data-offset-key=\"7v2ua-0-0\">\n<div class=\"_1mf _1mj\" data-offset-key=\"7v2ua-0-0\"><span data-offset-key=\"7v2ua-0-0\">\u00a0<\/span><\/div>\n<\/div>\n<div class=\"\" data-block=\"true\" data-editor=\"1i7an\" data-offset-key=\"fn8ch-0-0\">\n<div class=\"_1mf _1mj\" data-offset-key=\"fn8ch-0-0\"><span style=\"text-decoration: underline;\">IMPORTANTE<\/span><\/div>\n<\/div>\n<div class=\"\" data-block=\"true\" data-editor=\"1i7an\" data-offset-key=\"59qb-0-0\">\n<div class=\"_1mf _1mj\" data-offset-key=\"59qb-0-0\"><span data-offset-key=\"59qb-0-0\">\u00a0<\/span><\/div>\n<\/div>\n<div class=\"\" data-block=\"true\" data-editor=\"1i7an\" data-offset-key=\"6311h-0-0\">\n<div class=\"_1mf _1mj\" data-offset-key=\"6311h-0-0\"><span data-offset-key=\"6311h-0-0\">Em caso de demiss\u00e3o, a orienta\u00e7\u00e3o \u00e9 para que o banc\u00e1rio ou banc\u00e1ria entre em contato imediatamente com o Sindicato.<\/span><\/div>\n<\/div>\n<div class=\"\" data-block=\"true\" data-editor=\"1i7an\" data-offset-key=\"d6715-0-0\">\n<div class=\"_1mf _1mj\" data-offset-key=\"d6715-0-0\"><span data-offset-key=\"d6715-0-0\">\u00a0<\/span><\/div>\n<\/div>\n<div class=\"\" data-block=\"true\" data-editor=\"1i7an\" data-offset-key=\"f583q-0-0\">\n<div class=\"_1mf _1mj\" data-offset-key=\"f583q-0-0\"><span data-offset-key=\"f583q-0-0\">O contato imediato, ap\u00f3s o desligamento, \u00e9 fundamental para que a reintegra\u00e7\u00e3o obtenha \u00eaxito e ocorra com rapidez.<\/span><\/div>\n<\/div>\n<div class=\"\" data-block=\"true\" data-editor=\"1i7an\" data-offset-key=\"educp-0-0\">\n<div class=\"_1mf _1mj\" data-offset-key=\"educp-0-0\"><span data-offset-key=\"educp-0-0\">\u00a0<\/span><\/div>\n<\/div>\n<div class=\"\" data-block=\"true\" data-editor=\"1i7an\" data-offset-key=\"ebf5t-0-0\">\n<div class=\"_1mf _1mj\" data-offset-key=\"ebf5t-0-0\"><strong>SINDICALIZE-SE<\/strong><\/div>\n<\/div>\n","protected":false},"excerpt":{"rendered":"<p>[AS REINTEGRA\u00c7\u00d5ES N\u00c3O PARAM!] Sindicato dos Banc\u00e1rios da Baixada Fluminense reintegra mais um banc\u00e1ria do Ita\u00fa \u00a0 As reintegra\u00e7\u00f5es seguem a todo vapor. \u00a0 Nesta quinta-feira, dia 1 de julho, mais uma banc\u00e1ria do Banco Ita\u00fa foi reintegrada pelo Sindicato dos Banc\u00e1rios da Baixada Fluminense. \u00a0 Atrav\u00e9s de decis\u00e3o da 3a Vara do Trabalho de [&hellip;]<\/p>\n","protected":false},"author":2,"featured_media":11168,"comment_status":"","ping_status":"","sticky":false,"template":"","format":"standard","meta":{"footnotes":""},"categories":[3],"tags":[],"class_list":["post-11169","post","type-post","status-publish","format-standard","has-post-thumbnail","hentry","category-noticias"],"_links":{"self":[{"href":"https:\/\/hostnetart.com.br\/baixada\/wp-json\/wp\/v2\/posts\/11169","targetHints":{"allow":["GET"]}}],"collection":[{"href":"https:\/\/hostnetart.com.br\/baixada\/wp-json\/wp\/v2\/posts"}],"about":[{"href":"https:\/\/hostnetart.com.br\/baixada\/wp-json\/wp\/v2\/types\/post"}],"author":[{"embeddable":true,"href":"https:\/\/hostnetart.com.br\/baixada\/wp-json\/wp\/v2\/users\/2"}],"replies":[{"embeddable":true,"href":"https:\/\/hostnetart.com.br\/baixada\/wp-json\/wp\/v2\/comments?post=11169"}],"version-history":[{"count":0,"href":"https:\/\/hostnetart.com.br\/baixada\/wp-json\/wp\/v2\/posts\/11169\/revisions"}],"wp:featuredmedia":[{"embeddable":true,"href":"https:\/\/hostnetart.com.br\/baixada\/wp-json\/wp\/v2\/media\/11168"}],"wp:attachment":[{"href":"https:\/\/hostnetart.com.br\/baixada\/wp-json\/wp\/v2\/media?parent=11169"}],"wp:term":[{"taxonomy":"category","embeddable":true,"href":"https:\/\/hostnetart.com.br\/baixada\/wp-json\/wp\/v2\/categories?post=11169"},{"taxonomy":"post_tag","embeddable":true,"href":"https:\/\/hostnetart.com.br\/baixada\/wp-json\/wp\/v2\/tags?post=11169"}],"curies":[{"name":"wp","href":"https:\/\/api.w.org\/{rel}","templated":true}]}}